{"id":12006,"date":"2025-01-24T11:37:23","date_gmt":"2025-01-24T08:37:23","guid":{"rendered":"https:\/\/www.egemtv.com\/?p=12006"},"modified":"2025-01-24T11:37:25","modified_gmt":"2025-01-24T08:37:25","slug":"yunusemrede-atik-lastikler-geri-donusume-kazandiriliyor","status":"publish","type":"post","link":"https:\/\/www.egemtv.com\/?p=12006","title":{"rendered":"Yunusemre\u2019de at\u0131k lastikler geri d\u00f6n\u00fc\u015f\u00fcme kazand\u0131r\u0131l\u0131yor"},"content":{"rendered":"<p>Yunusemre Belediyesi, \u00e7evre dostu bir yakla\u015f\u0131m sergileyip \u00f6mr\u00fcn\u00fc tamamlam\u0131\u015f lastikleri geri d\u00f6n\u00fc\u015f\u00fcme kazand\u0131rarak hem \u00e7evreyi koruyor hem de \u00fclke ekonomisine katk\u0131 sa\u011fl\u0131yor.<br \/>\n<br \/>Yunusemre Belediyesi ekipleri, ara\u00e7 lasti\u011fi sat\u0131\u015f\u0131 ve onar\u0131m\u0131 yapan firmalardan toplad\u0131klar\u0131 \u00f6mr\u00fcn\u00fc tamamlam\u0131\u015f lastikleri geri d\u00f6n\u00fc\u015f\u00fcme kazand\u0131r\u0131yor.<br \/>\n<br \/>\u0130klim De\u011fi\u015fikli\u011fi ve S\u0131f\u0131r At\u0131k M\u00fcd\u00fcrl\u00fc\u011f\u00fc taraf\u0131ndan yap\u0131lan bu \u00e7al\u0131\u015fmalar kapsam\u0131nda, il\u00e7enin d\u00f6rt bir yan\u0131ndan toplanan lastikler, &#8220;25.11.2006 tarih ve 26357 say\u0131l\u0131 \u00d6mr\u00fcn\u00fc Tamamlam\u0131\u015f Lastiklerin Kontrol\u00fc Y\u00f6netmeli\u011fi&#8221; do\u011frultusunda \u00e7evreye zarar vermemesi i\u00e7in toplan\u0131yor. \u00d6mr\u00fcn\u00fc tamamlayan lastikler, yak\u0131t ve kaplama malzemesi olarak ekonomiye kazand\u0131r\u0131lmak ve geri d\u00f6n\u00fc\u015f\u00fcm\u00fc sa\u011flanmak \u00fczere, \u00c7evre ve \u015eehircilik Bakanl\u0131\u011f\u0131 taraf\u0131ndan yetkilendirilen LASDER (Lastik Sanayicileri Derne\u011fi) taraf\u0131ndan geri d\u00f6n\u00fc\u015ft\u00fcr\u00fclecek. B\u00f6ylece \u00e7evre korunurken, ticaretin geli\u015fmesine ve \u00fclke ekonomisine \u00f6nemli bir katk\u0131 sa\u011flanm\u0131\u015f olacak.<br \/><\/p>\n","protected":false},"excerpt":{"rendered":"<p>Yunusemre Belediyesi, \u00e7evre dostu bir yakla\u015f\u0131m sergileyip \u00f6mr\u00fcn\u00fc tamamlam\u0131\u015f lastikleri geri d\u00f6n\u00fc\u015f\u00fcme kazand\u0131rarak hem \u00e7evreyi koruyor hem de \u00fclke ekonomisine katk\u0131 sa\u011fl\u0131yor. Yunusemre Belediyesi ekipleri, ara\u00e7 lasti\u011fi sat\u0131\u015f\u0131 ve onar\u0131m\u0131 yapan firmalardan toplad\u0131klar\u0131 \u00f6mr\u00fcn\u00fc tamamlam\u0131\u015f lastikleri geri d\u00f6n\u00fc\u015f\u00fcme kazand\u0131r\u0131yor. \u0130klim De\u011fi\u015fikli\u011fi ve S\u0131f\u0131r At\u0131k M\u00fcd\u00fcrl\u00fc\u011f\u00fc taraf\u0131ndan yap\u0131lan bu \u00e7al\u0131\u015fmalar kapsam\u0131nda, il\u00e7enin d\u00f6rt bir yan\u0131ndan toplanan&#8230;<\/p>\n","protected":false},"author":1,"featured_media":12007,"comment_status":"open","ping_status":"open","sticky":false,"template":"","format":"standard","meta":{"_crdt_document":"","footnotes":""},"categories":[125],"tags":[],"class_list":["post-12006","post","type-post","status-publish","format-standard","has-post-thumbnail","hentry","category-ekonomi"],"_links":{"self":[{"href":"https:\/\/www.egemtv.com\/index.php?rest_route=\/wp\/v2\/posts\/12006","targetHints":{"allow":["GET"]}}],"collection":[{"href":"https:\/\/www.egemtv.com\/index.php?rest_route=\/wp\/v2\/posts"}],"about":[{"href":"https:\/\/www.egemtv.com\/index.php?rest_route=\/wp\/v2\/types\/post"}],"author":[{"embeddable":true,"href":"https:\/\/www.egemtv.com\/index.php?rest_route=\/wp\/v2\/users\/1"}],"replies":[{"embeddable":true,"href":"https:\/\/www.egemtv.com\/index.php?rest_route=%2Fwp%2Fv2%2Fcomments&post=12006"}],"version-history":[{"count":1,"href":"https:\/\/www.egemtv.com\/index.php?rest_route=\/wp\/v2\/posts\/12006\/revisions"}],"predecessor-version":[{"id":12008,"href":"https:\/\/www.egemtv.com\/index.php?rest_route=\/wp\/v2\/posts\/12006\/revisions\/12008"}],"wp:featuredmedia":[{"embeddable":true,"href":"https:\/\/www.egemtv.com\/index.php?rest_route=\/wp\/v2\/media\/12007"}],"wp:attachment":[{"href":"https:\/\/www.egemtv.com\/index.php?rest_route=%2Fwp%2Fv2%2Fmedia&parent=12006"}],"wp:term":[{"taxonomy":"category","embeddable":true,"href":"https:\/\/www.egemtv.com\/index.php?rest_route=%2Fwp%2Fv2%2Fcategories&post=12006"},{"taxonomy":"post_tag","embeddable":true,"href":"https:\/\/www.egemtv.com\/index.php?rest_route=%2Fwp%2Fv2%2Ftags&post=12006"}],"curies":[{"name":"wp","href":"https:\/\/api.w.org\/{rel}","templated":true}]}}