{"id":12003,"date":"2025-01-24T11:37:21","date_gmt":"2025-01-24T08:37:21","guid":{"rendered":"https:\/\/www.egemtv.com\/?p=12003"},"modified":"2025-01-24T11:37:23","modified_gmt":"2025-01-24T08:37:23","slug":"kutahyada-izci-ogrencilere-yonelik-kamp-duzenlendi","status":"publish","type":"post","link":"https:\/\/www.egemtv.com\/?p=12003","title":{"rendered":"K\u00fctahya\u2019da izci \u00f6\u011frencilere y\u00f6nelik kamp d\u00fczenlendi"},"content":{"rendered":"<p>K\u00fctahya \u0130l M\u00fcft\u00fcl\u00fc\u011f\u00fc, gen\u00e7lik \u00e7al\u0131\u015fmalar\u0131na katk\u0131 sunmak ve izcilik faaliyetlerini yayg\u0131nla\u015ft\u0131rmak amac\u0131yla Hesna K\u00f6ksal Hayme Hatun Kur\u2019an Kursu\u2019nda izcilik kamp\u0131 d\u00fczenledi.<br \/>\n<br \/>Programa kat\u0131lan \u0130l M\u00fcft\u00fcs\u00fc Dr. \u0130rfan A\u00e7\u0131k, izci \u00f6\u011frencilerin yemin t\u00f6renine i\u015ftirak ederek onlar\u0131 tebrik etti. M\u00fcft\u00fc A\u00e7\u0131k, yapt\u0131\u011f\u0131 a\u00e7\u0131klamada, \u201cBa\u015fkanl\u0131\u011f\u0131m\u0131z, milli ve manevi de\u011ferlerine ba\u011fl\u0131, vatan\u0131na ve milletine kar\u015f\u0131 sorumluluklar\u0131n\u0131 yerine getiren, bedenen sa\u011flam ve ahlaken d\u00fcr\u00fcst bir gen\u00e7lik yeti\u015ftirmek amac\u0131yla gen\u00e7lik \u00e7al\u0131\u015fmalar\u0131na \u00f6nem vermektedir. Bu do\u011frultuda, izcilik faaliyetlerini \u00fclke genelinde sistemli bir \u015fekilde aktif hale getirmek i\u00e7in \u00e7al\u0131\u015fmalar y\u00fcr\u00fct\u00fcyoruz\u201d ifadelerini kulland\u0131.<br \/>\n<br \/>\u0130zcilik kamp\u0131 kapsam\u0131nda \u00f6\u011frencilere \u00e7e\u015fitli e\u011fitimler verilerek, do\u011fa ve grup \u00e7al\u0131\u015fmalar\u0131yla izcilik bilinci kazand\u0131r\u0131ld\u0131.<br \/><\/p>\n","protected":false},"excerpt":{"rendered":"<p>K\u00fctahya \u0130l M\u00fcft\u00fcl\u00fc\u011f\u00fc, gen\u00e7lik \u00e7al\u0131\u015fmalar\u0131na katk\u0131 sunmak ve izcilik faaliyetlerini yayg\u0131nla\u015ft\u0131rmak amac\u0131yla Hesna K\u00f6ksal Hayme Hatun Kur\u2019an Kursu\u2019nda izcilik kamp\u0131 d\u00fczenledi. Programa kat\u0131lan \u0130l M\u00fcft\u00fcs\u00fc Dr. \u0130rfan A\u00e7\u0131k, izci \u00f6\u011frencilerin yemin t\u00f6renine i\u015ftirak ederek onlar\u0131 tebrik etti. M\u00fcft\u00fc A\u00e7\u0131k, yapt\u0131\u011f\u0131 a\u00e7\u0131klamada, \u201cBa\u015fkanl\u0131\u011f\u0131m\u0131z, milli ve manevi de\u011ferlerine ba\u011fl\u0131, vatan\u0131na ve milletine kar\u015f\u0131 sorumluluklar\u0131n\u0131 yerine getiren, bedenen&#8230;<\/p>\n","protected":false},"author":1,"featured_media":12004,"comment_status":"open","ping_status":"open","sticky":false,"template":"","format":"standard","meta":{"_crdt_document":"","footnotes":""},"categories":[1],"tags":[],"class_list":["post-12003","post","type-post","status-publish","format-standard","has-post-thumbnail","hentry","category-guncel"],"_links":{"self":[{"href":"https:\/\/www.egemtv.com\/index.php?rest_route=\/wp\/v2\/posts\/12003","targetHints":{"allow":["GET"]}}],"collection":[{"href":"https:\/\/www.egemtv.com\/index.php?rest_route=\/wp\/v2\/posts"}],"about":[{"href":"https:\/\/www.egemtv.com\/index.php?rest_route=\/wp\/v2\/types\/post"}],"author":[{"embeddable":true,"href":"https:\/\/www.egemtv.com\/index.php?rest_route=\/wp\/v2\/users\/1"}],"replies":[{"embeddable":true,"href":"https:\/\/www.egemtv.com\/index.php?rest_route=%2Fwp%2Fv2%2Fcomments&post=12003"}],"version-history":[{"count":1,"href":"https:\/\/www.egemtv.com\/index.php?rest_route=\/wp\/v2\/posts\/12003\/revisions"}],"predecessor-version":[{"id":12005,"href":"https:\/\/www.egemtv.com\/index.php?rest_route=\/wp\/v2\/posts\/12003\/revisions\/12005"}],"wp:featuredmedia":[{"embeddable":true,"href":"https:\/\/www.egemtv.com\/index.php?rest_route=\/wp\/v2\/media\/12004"}],"wp:attachment":[{"href":"https:\/\/www.egemtv.com\/index.php?rest_route=%2Fwp%2Fv2%2Fmedia&parent=12003"}],"wp:term":[{"taxonomy":"category","embeddable":true,"href":"https:\/\/www.egemtv.com\/index.php?rest_route=%2Fwp%2Fv2%2Fcategories&post=12003"},{"taxonomy":"post_tag","embeddable":true,"href":"https:\/\/www.egemtv.com\/index.php?rest_route=%2Fwp%2Fv2%2Ftags&post=12003"}],"curies":[{"name":"wp","href":"https:\/\/api.w.org\/{rel}","templated":true}]}}