{"id":11997,"date":"2025-01-24T11:37:15","date_gmt":"2025-01-24T08:37:15","guid":{"rendered":"https:\/\/www.egemtv.com\/?p=11997"},"modified":"2025-01-24T11:37:17","modified_gmt":"2025-01-24T08:37:17","slug":"nazilli-guzellik-merkezine-kavustu","status":"publish","type":"post","link":"https:\/\/www.egemtv.com\/?p=11997","title":{"rendered":"Nazilli g\u00fczellik merkezine kavu\u015ftu"},"content":{"rendered":"<p>G\u00fczelli\u011fine \u00f6nem veren kad\u0131nlar\u0131n tercihi olan Private Beauty Studio (PBS), Ayd\u0131n\u2019\u0131n Nazilli \u0130l\u00e7esi\u2019nde de \u015fube a\u00e7t\u0131. \u00c7ok say\u0131da davetlinin kat\u0131ld\u0131\u011f\u0131 a\u00e7\u0131l\u0131\u015fta konu\u015fan PBS Nazilli \u015eube M\u00fcd\u00fcr\u00fc G\u00f6k\u00e7en Karaka\u015f, ama\u00e7lar\u0131n\u0131n kad\u0131nlar\u0131 g\u00fczelle\u015ftirmek oldu\u011funu s\u00f6yledi.<br \/>\n<br \/>T\u00fcrkiye\u2019nin \u00f6nde gelen kal\u0131c\u0131 makyaj uzmanlar\u0131ndan Emine Soja, manken ve fotomodel S\u00fcmeyra Ta\u015f\u00e7\u0131 gibi isimleri de kadrosunda bulunduran PBS Nazilli \u015eubesi\u2019nin a\u00e7\u0131l\u0131\u015f\u0131 kad\u0131nlar\u0131n yan\u0131 s\u0131ra i\u015f ve siyaset d\u00fcnyas\u0131ndan da yo\u011fun ilgi g\u00f6rd\u00fc. Alan\u0131nda uzman isimlerden olu\u015fan geni\u015f kadrosuyla g\u00fczelle\u015fmeyi cazip hale getiren PBS\u2019nin \u015fube m\u00fcd\u00fcr\u00fc G\u00f6k\u00e7en Karaka\u015f, ama\u00e7lar\u0131n\u0131n t\u00fcm Nazilli\u2019ye hizmet oldu\u011funu s\u00f6yledi.<br \/>\n<br \/>\u0130nsanl\u0131\u011f\u0131n var olu\u015fundan bu yana kad\u0131nlar\u0131n g\u00fczelliklerinden taviz vermedi\u011fini ve kad\u0131nlara en iyi hizmeti vermek amac\u0131yla yola \u00e7\u0131kt\u0131klar\u0131n\u0131 belirten G\u00f6k\u00e7en Karaka\u015f, &#8220;Kendi alanlar\u0131nda hepsi birbirinden de\u011ferli uzman bir ekip olu\u015fturduk. Bunun yan\u0131 s\u0131ra hijyen, ilkelerimizin ba\u015f\u0131nda yer al\u0131yor. G\u00fczelli\u011fine ve ki\u015fisel bak\u0131m\u0131na \u00f6nem veren han\u0131mlara hizmet i\u00e7in buraday\u0131z. G\u00fczelli\u011fine ve \u015f\u0131kl\u0131\u011f\u0131na \u00f6nem veren kad\u0131nlar\u0131n sa\u011fl\u0131\u011f\u0131n\u0131 da d\u00fc\u015f\u00fcnd\u00fck ve diyetisyen Ezgi Avc\u0131\u2019y\u0131 da kadromuza katt\u0131k. M\u00fc\u015fterilerimiz g\u00fczelle\u015fmenin yan\u0131 s\u0131ra kilolar\u0131ndan da kolayca kurtulabilecekler&#8221; dedi.<br \/>\n<br \/>\u0130\u015fletme sahibi Erdal Sava\u015f, g\u00fczellik sekt\u00f6r\u00fcyle tan\u0131\u015fmas\u0131n\u0131n G\u00fcleser Y\u0131ld\u0131r\u0131m sayesinde oldu\u011funu belirterek kendisine te\u015fekk\u00fcr etti. Sava\u015f, Y\u0131ld\u0131r\u0131m ile yol y\u00fcr\u00fcmekten duydu\u011fu memnuniyeti dile getirerek, yak\u0131n bir tarihte PBS markas\u0131n\u0131n G\u00fcleser Y\u0131ld\u0131r\u0131m koordinesinde isim de\u011fi\u015fikli\u011fine de gidece\u011fini belirtti.<br \/><\/p>\n","protected":false},"excerpt":{"rendered":"<p>G\u00fczelli\u011fine \u00f6nem veren kad\u0131nlar\u0131n tercihi olan Private Beauty Studio (PBS), Ayd\u0131n\u2019\u0131n Nazilli \u0130l\u00e7esi\u2019nde de \u015fube a\u00e7t\u0131. \u00c7ok say\u0131da davetlinin kat\u0131ld\u0131\u011f\u0131 a\u00e7\u0131l\u0131\u015fta konu\u015fan PBS Nazilli \u015eube M\u00fcd\u00fcr\u00fc G\u00f6k\u00e7en Karaka\u015f, ama\u00e7lar\u0131n\u0131n kad\u0131nlar\u0131 g\u00fczelle\u015ftirmek oldu\u011funu s\u00f6yledi. T\u00fcrkiye\u2019nin \u00f6nde gelen kal\u0131c\u0131 makyaj uzmanlar\u0131ndan Emine Soja, manken ve fotomodel S\u00fcmeyra Ta\u015f\u00e7\u0131 gibi isimleri de kadrosunda bulunduran PBS Nazilli \u015eubesi\u2019nin a\u00e7\u0131l\u0131\u015f\u0131&#8230;<\/p>\n","protected":false},"author":1,"featured_media":11998,"comment_status":"open","ping_status":"open","sticky":false,"template":"","format":"standard","meta":{"_crdt_document":"","footnotes":""},"categories":[1],"tags":[],"class_list":["post-11997","post","type-post","status-publish","format-standard","has-post-thumbnail","hentry","category-guncel"],"_links":{"self":[{"href":"https:\/\/www.egemtv.com\/index.php?rest_route=\/wp\/v2\/posts\/11997","targetHints":{"allow":["GET"]}}],"collection":[{"href":"https:\/\/www.egemtv.com\/index.php?rest_route=\/wp\/v2\/posts"}],"about":[{"href":"https:\/\/www.egemtv.com\/index.php?rest_route=\/wp\/v2\/types\/post"}],"author":[{"embeddable":true,"href":"https:\/\/www.egemtv.com\/index.php?rest_route=\/wp\/v2\/users\/1"}],"replies":[{"embeddable":true,"href":"https:\/\/www.egemtv.com\/index.php?rest_route=%2Fwp%2Fv2%2Fcomments&post=11997"}],"version-history":[{"count":1,"href":"https:\/\/www.egemtv.com\/index.php?rest_route=\/wp\/v2\/posts\/11997\/revisions"}],"predecessor-version":[{"id":11999,"href":"https:\/\/www.egemtv.com\/index.php?rest_route=\/wp\/v2\/posts\/11997\/revisions\/11999"}],"wp:featuredmedia":[{"embeddable":true,"href":"https:\/\/www.egemtv.com\/index.php?rest_route=\/wp\/v2\/media\/11998"}],"wp:attachment":[{"href":"https:\/\/www.egemtv.com\/index.php?rest_route=%2Fwp%2Fv2%2Fmedia&parent=11997"}],"wp:term":[{"taxonomy":"category","embeddable":true,"href":"https:\/\/www.egemtv.com\/index.php?rest_route=%2Fwp%2Fv2%2Fcategories&post=11997"},{"taxonomy":"post_tag","embeddable":true,"href":"https:\/\/www.egemtv.com\/index.php?rest_route=%2Fwp%2Fv2%2Ftags&post=11997"}],"curies":[{"name":"wp","href":"https:\/\/api.w.org\/{rel}","templated":true}]}}