{"id":11994,"date":"2025-01-24T11:20:42","date_gmt":"2025-01-24T08:20:42","guid":{"rendered":"https:\/\/www.egemtv.com\/?p=11994"},"modified":"2025-01-24T11:20:44","modified_gmt":"2025-01-24T08:20:44","slug":"manisa-fk-dis-transferde-iki-genc-oyuncuyu-kadrosuna-dahil-etti","status":"publish","type":"post","link":"https:\/\/www.egemtv.com\/?p=11994","title":{"rendered":"Manisa FK d\u0131\u015f transferde iki gen\u00e7 oyuncuyu kadrosuna dahil etti"},"content":{"rendered":"<p>Trendyol 1. Lig ekiplerinden Manisa FK,  Afyonspor\u2019dan Mustafa Erkasap ve Muhammed Mustafa \u00d6zbay\u2019\u0131 kadrosuna katt\u0131.<br \/>\n<br \/>Devre aras\u0131 transfer \u00e7al\u0131\u015fmalar\u0131na devam eden Manisa FK, Afyonspor\u2019un gen\u00e7 futbolcular\u0131 Mustafa Erkasap ve Muhammed Mustafa \u00d6zbay\u2019\u0131 renklerine ba\u011flad\u0131. \u0130ki oyuncuyla da 3.5 y\u0131ll\u0131k s\u00f6zle\u015fme imzaland\u0131.<br \/>\n<br \/>Manisa Futbol Kul\u00fcb\u00fc ailesine kat\u0131ld\u0131\u011f\u0131 i\u00e7in mutlulu\u011funu dile getiren yeni transfer Mustafa Erkasap, \u201cHayallerime bir ad\u0131m daha yakla\u015ft\u0131\u011f\u0131m i\u00e7in mutluyum. Manisa Futbol Kul\u00fcb\u00fc \u00f6nemli bir camia. \u00c7ok \u00e7al\u0131\u015f\u0131p tak\u0131m\u0131ma en \u00fcst d\u00fczeyde katk\u0131y\u0131 vermek istiyorum\u201d dedi.<br \/>\n<br \/>Mustafa Erkasap\u2019a ba\u015far\u0131 dileklerini ileten Sportif Direkt\u00f6r Serkan \u0130\u015fyapan ise, \u201cMustafa, yeteneklerine g\u00fcvendi\u011fimiz bir oyuncu. Kendisini burada geli\u015ftirip \u00e7ok iyi yerlere gelece\u011fine inan\u0131yoruz. Gen\u00e7 ya\u015f\u0131na ra\u011fmen dikkat \u00e7eken bir oyuncu. Mustafa\u2019ya Manisa Futbol Kul\u00fcb\u00fc formam\u0131zla ba\u015far\u0131lar diliyorum\u201d ifadelerini kulland\u0131.<br \/>\n<br \/>Manisa ekibinin di\u011fer yeni transferi Muhammed Mustafa \u00d6zbay da, \u201cManisa Futbol Kul\u00fcb\u00fc ailesine kat\u0131ld\u0131\u011f\u0131m i\u00e7in mutluyum. Manisa FK formas\u0131yla ba\u015far\u0131l\u0131 olmak istiyorum. Bunun i\u00e7in \u00e7ok \u00e7al\u0131\u015faca\u011f\u0131m\u201d c\u00fcmlelerine yer verdi.<br \/>\n<br \/>Sportif Direkt\u00f6r Serkan \u0130\u015fyapan, gen\u00e7 futbolcuya ba\u015far\u0131lar dileyerek, \u201cMuhammed Mustafa, Afyonspor\u2019da 3\u2019\u00fc Ziraat T\u00fcrkiye Kupas\u0131, 75\u2019i 2. Lig  olmak \u00fczere 78 resmi ma\u00e7a \u00e7\u0131km\u0131\u015f bir oyuncu. Gen\u00e7 ya\u015f\u0131na ra\u011fmen \u00f6nemli bir istikrar\u0131 var. Muhammed Mustafa\u2019n\u0131n bu performans\u0131n\u0131 s\u00fcrd\u00fcrece\u011fine inan\u0131yorum ve kendisine Manisa Futbol Kul\u00fcb\u00fc formam\u0131zla ba\u015far\u0131lar diliyorum\u201d \u015feklinde konu\u015ftu.<br \/><\/p>\n","protected":false},"excerpt":{"rendered":"<p>Trendyol 1. Lig ekiplerinden Manisa FK, Afyonspor\u2019dan Mustafa Erkasap ve Muhammed Mustafa \u00d6zbay\u2019\u0131 kadrosuna katt\u0131. Devre aras\u0131 transfer \u00e7al\u0131\u015fmalar\u0131na devam eden Manisa FK, Afyonspor\u2019un gen\u00e7 futbolcular\u0131 Mustafa Erkasap ve Muhammed Mustafa \u00d6zbay\u2019\u0131 renklerine ba\u011flad\u0131. \u0130ki oyuncuyla da 3.5 y\u0131ll\u0131k s\u00f6zle\u015fme imzaland\u0131. Manisa Futbol Kul\u00fcb\u00fc ailesine kat\u0131ld\u0131\u011f\u0131 i\u00e7in mutlulu\u011funu dile getiren yeni transfer Mustafa Erkasap, \u201cHayallerime&#8230;<\/p>\n","protected":false},"author":1,"featured_media":11995,"comment_status":"open","ping_status":"open","sticky":false,"template":"","format":"standard","meta":{"_crdt_document":"","footnotes":""},"categories":[4],"tags":[],"class_list":["post-11994","post","type-post","status-publish","format-standard","has-post-thumbnail","hentry","category-spor"],"_links":{"self":[{"href":"https:\/\/www.egemtv.com\/index.php?rest_route=\/wp\/v2\/posts\/11994","targetHints":{"allow":["GET"]}}],"collection":[{"href":"https:\/\/www.egemtv.com\/index.php?rest_route=\/wp\/v2\/posts"}],"about":[{"href":"https:\/\/www.egemtv.com\/index.php?rest_route=\/wp\/v2\/types\/post"}],"author":[{"embeddable":true,"href":"https:\/\/www.egemtv.com\/index.php?rest_route=\/wp\/v2\/users\/1"}],"replies":[{"embeddable":true,"href":"https:\/\/www.egemtv.com\/index.php?rest_route=%2Fwp%2Fv2%2Fcomments&post=11994"}],"version-history":[{"count":1,"href":"https:\/\/www.egemtv.com\/index.php?rest_route=\/wp\/v2\/posts\/11994\/revisions"}],"predecessor-version":[{"id":11996,"href":"https:\/\/www.egemtv.com\/index.php?rest_route=\/wp\/v2\/posts\/11994\/revisions\/11996"}],"wp:featuredmedia":[{"embeddable":true,"href":"https:\/\/www.egemtv.com\/index.php?rest_route=\/wp\/v2\/media\/11995"}],"wp:attachment":[{"href":"https:\/\/www.egemtv.com\/index.php?rest_route=%2Fwp%2Fv2%2Fmedia&parent=11994"}],"wp:term":[{"taxonomy":"category","embeddable":true,"href":"https:\/\/www.egemtv.com\/index.php?rest_route=%2Fwp%2Fv2%2Fcategories&post=11994"},{"taxonomy":"post_tag","embeddable":true,"href":"https:\/\/www.egemtv.com\/index.php?rest_route=%2Fwp%2Fv2%2Ftags&post=11994"}],"curies":[{"name":"wp","href":"https:\/\/api.w.org\/{rel}","templated":true}]}}