{"id":11991,"date":"2025-01-24T11:14:45","date_gmt":"2025-01-24T08:14:45","guid":{"rendered":"https:\/\/www.egemtv.com\/?p=11991"},"modified":"2025-01-24T11:14:47","modified_gmt":"2025-01-24T08:14:47","slug":"seferihisarda-her-gun-250-haneye-sicak-yemek","status":"publish","type":"post","link":"https:\/\/www.egemtv.com\/?p=11991","title":{"rendered":"Seferihisar\u2019da her g\u00fcn 250 haneye s\u0131cak yemek"},"content":{"rendered":"<p>Sosyal belediyecilik anlay\u0131\u015f\u0131yla il\u00e7enin t\u00fcm mahallelerinde uygulamay\u0131 s\u00fcrd\u00fcren Seferihisar Belediyesi, ihtiya\u00e7 sahibi vatanda\u015flar\u0131n g\u00fcnl\u00fck \u00fc\u00e7 \u00f6\u011f\u00fcn yeme\u011fini kar\u015f\u0131l\u0131yor.<br \/>\n<br \/>Seferihisar Belediyesi Tepecik Kad\u0131n Eli Mutfa\u011f\u0131\u2019nda, belediye \u00e7al\u0131\u015fanlar\u0131 ve Dokuz Eyl\u00fcl \u00dcniversitesi Seferihisar Gastronomi ve Mutfak Sanatlar\u0131 B\u00f6l\u00fcm\u00fc \u00f6\u011frencileri taraf\u0131ndan belirlenen sa\u011fl\u0131kl\u0131 men\u00fcler, hijyen kurallar\u0131na uyularak titizlikle haz\u0131rlan\u0131yor. A\u015fevi \u00e7al\u0131\u015fanlar\u0131 g\u00fcnl\u00fck kalori hesab\u0131n\u0131 g\u00f6z \u00f6n\u00fcne alarak haftan\u0131n her g\u00fcn\u00fc birbirinden lezzetli yemekleri pi\u015firiyor. Haz\u0131rlanan yemekler ihtiya\u00e7 sahibi ya\u015fl\u0131 ve engelli vatanda\u015flara belediyeye ait ara\u00e7lar ile ula\u015ft\u0131r\u0131l\u0131yor.<br \/>\n<br \/>Seferihisar\u2019da kom\u015fusu a\u00e7 iken tok uyumaya kar\u015f\u0131 duran Seferihisar Belediye Ba\u015fkan\u0131 \u0130smail Yeti\u015fkin \u201cVatanda\u015f\u0131m\u0131z ekonomik kriz dolay\u0131s\u0131yla yorulmu\u015f durumda. Bu nedenle \u00f6ncelikli g\u00f6revimiz sosyal dayan\u0131\u015fma b\u00fct\u00e7elerini art\u0131rmak. Seferihisar\u2019da g\u00f6reve geldi\u011fimiz andan itibaren \u201cSeferihisar\u2019da kaynamayan tencere b\u0131rakmayaca\u011f\u0131z\u201d diyerek pek \u00e7ok deste\u011fimizle hem\u015fehrilerimizin yan\u0131nda olduk. Hem\u015fehrilerimizin memnuniyetlerini g\u00f6rd\u00fck\u00e7e, duyduk\u00e7a mutlu olduk. Sosyal belediyecilik anlay\u0131\u015f\u0131m\u0131zla yolumuza devam edecek, kom\u015fular\u0131m\u0131z\u0131n yan\u0131nda olmaya devam edece\u011fiz\u201d \u015feklinde konu\u015ftu.<br \/>\n<br \/>Sosyal yard\u0131mlardan yararlanmak isteyen vatanda\u015flar, uygun kriterlere sahip olmalar\u0131 halinde Seferihisar Belediyesi Sosyal \u0130\u015fler M\u00fcd\u00fcrl\u00fc\u011f\u00fc\u2019ne ba\u015fvuruda bulunabiliyor.<br \/><\/p>\n","protected":false},"excerpt":{"rendered":"<p>Sosyal belediyecilik anlay\u0131\u015f\u0131yla il\u00e7enin t\u00fcm mahallelerinde uygulamay\u0131 s\u00fcrd\u00fcren Seferihisar Belediyesi, ihtiya\u00e7 sahibi vatanda\u015flar\u0131n g\u00fcnl\u00fck \u00fc\u00e7 \u00f6\u011f\u00fcn yeme\u011fini kar\u015f\u0131l\u0131yor. Seferihisar Belediyesi Tepecik Kad\u0131n Eli Mutfa\u011f\u0131\u2019nda, belediye \u00e7al\u0131\u015fanlar\u0131 ve Dokuz Eyl\u00fcl \u00dcniversitesi Seferihisar Gastronomi ve Mutfak Sanatlar\u0131 B\u00f6l\u00fcm\u00fc \u00f6\u011frencileri taraf\u0131ndan belirlenen sa\u011fl\u0131kl\u0131 men\u00fcler, hijyen kurallar\u0131na uyularak titizlikle haz\u0131rlan\u0131yor. A\u015fevi \u00e7al\u0131\u015fanlar\u0131 g\u00fcnl\u00fck kalori hesab\u0131n\u0131 g\u00f6z \u00f6n\u00fcne alarak haftan\u0131n&#8230;<\/p>\n","protected":false},"author":1,"featured_media":11992,"comment_status":"open","ping_status":"open","sticky":false,"template":"","format":"standard","meta":{"_crdt_document":"","footnotes":""},"categories":[1],"tags":[],"class_list":["post-11991","post","type-post","status-publish","format-standard","has-post-thumbnail","hentry","category-guncel"],"_links":{"self":[{"href":"https:\/\/www.egemtv.com\/index.php?rest_route=\/wp\/v2\/posts\/11991","targetHints":{"allow":["GET"]}}],"collection":[{"href":"https:\/\/www.egemtv.com\/index.php?rest_route=\/wp\/v2\/posts"}],"about":[{"href":"https:\/\/www.egemtv.com\/index.php?rest_route=\/wp\/v2\/types\/post"}],"author":[{"embeddable":true,"href":"https:\/\/www.egemtv.com\/index.php?rest_route=\/wp\/v2\/users\/1"}],"replies":[{"embeddable":true,"href":"https:\/\/www.egemtv.com\/index.php?rest_route=%2Fwp%2Fv2%2Fcomments&post=11991"}],"version-history":[{"count":1,"href":"https:\/\/www.egemtv.com\/index.php?rest_route=\/wp\/v2\/posts\/11991\/revisions"}],"predecessor-version":[{"id":11993,"href":"https:\/\/www.egemtv.com\/index.php?rest_route=\/wp\/v2\/posts\/11991\/revisions\/11993"}],"wp:featuredmedia":[{"embeddable":true,"href":"https:\/\/www.egemtv.com\/index.php?rest_route=\/wp\/v2\/media\/11992"}],"wp:attachment":[{"href":"https:\/\/www.egemtv.com\/index.php?rest_route=%2Fwp%2Fv2%2Fmedia&parent=11991"}],"wp:term":[{"taxonomy":"category","embeddable":true,"href":"https:\/\/www.egemtv.com\/index.php?rest_route=%2Fwp%2Fv2%2Fcategories&post=11991"},{"taxonomy":"post_tag","embeddable":true,"href":"https:\/\/www.egemtv.com\/index.php?rest_route=%2Fwp%2Fv2%2Ftags&post=11991"}],"curies":[{"name":"wp","href":"https:\/\/api.w.org\/{rel}","templated":true}]}}