{"id":11988,"date":"2025-01-24T11:11:12","date_gmt":"2025-01-24T08:11:12","guid":{"rendered":"https:\/\/www.egemtv.com\/?p=11988"},"modified":"2025-01-24T11:11:14","modified_gmt":"2025-01-24T08:11:14","slug":"denizli-buyuksehirden-turk-basininin-unutulmaz-isimlerinden-ugur-mumcuya-anma-gecesi","status":"publish","type":"post","link":"https:\/\/www.egemtv.com\/?p=11988","title":{"rendered":"Denizli B\u00fcy\u00fck\u015fehirden T\u00fcrk bas\u0131n\u0131n\u0131n unutulmaz isimlerinden U\u011fur Mumcu\u2019ya anma gecesi"},"content":{"rendered":"<p>Denizli B\u00fcy\u00fck\u015fehir Belediyesi, T\u00fcrk bas\u0131n\u0131n\u0131n ve d\u00fc\u015f\u00fcnce hayat\u0131n\u0131n unutulmaz isimlerinden U\u011fur Mumcu\u2019yu, vefat\u0131n\u0131n 32. y\u0131ld\u00f6n\u00fcm\u00fcnde \u00f6zel bir programla anacak.<\/p>\n<p>Program, Gazeteci-y\u00f6netmen Nebil \u00d6zgent\u00fcrk\u2019\u00fcn sunumuyla U\u011fur Mumcu\u2019nun ya\u015fam\u0131n\u0131 ve fikirlerini ele alan \u201cBir keskin ve \u00f6l\u00fcms\u00fcz kalem, U\u011fur Mumcu\u2019yu an\u0131yoruz\u201d ba\u015fl\u0131kl\u0131 belgesel g\u00f6sterimiyle ba\u015flayacak. \u00d6zgent\u00fcrk\u2019\u00fcn U\u011fur Mumcu\u2019nun d\u00fc\u015f\u00fcnce d\u00fcnyas\u0131na \u0131\u015f\u0131k tutaca\u011f\u0131 \u00f6zel konu\u015fmas\u0131yla devam edecek etkinlik, Denizli B\u00fcy\u00fck\u015fehir Belediyesi Konservatuvar\u0131 taraf\u0131ndan haz\u0131rlanm\u0131\u015f \u00f6zel bir konserle ta\u00e7lanacak. 25 Ocak Cumartesi g\u00fcn\u00fc saat 20.30\u2019da Nihat Zeybekci Kongre ve K\u00fclt\u00fcr Merkezi Mehmet Gazi Salonunda \u00fccretsiz ger\u00e7ekle\u015ftirecek etkinlikle ilgili rezervasyon Denizli B\u00fcy\u00fck\u015fehir Belediyesi\u2019nin internet adresinden yap\u0131labilecek.<\/p>\n<p>\u201cMumcu, halk\u0131n vicdan\u0131yd\u0131\u201d<br \/>\n<br \/>Denizli B\u00fcy\u00fck\u015fehir Belediye Ba\u015fkan\u0131 B\u00fclent Nuri \u00c7avu\u015fo\u011flu, bu \u00f6zel anma program\u0131na t\u00fcm hem\u015fehrilerini beklediklerini ifade ederek, U\u011fur Mumcu\u2019nun yaln\u0131zca bir gazeteci de\u011fil, ayn\u0131 zamanda adalet, demokrasi ve \u00f6zg\u00fcrl\u00fck m\u00fccadelesi veren bir d\u00fc\u015f\u00fcnce insan\u0131 oldu\u011funu belirterek \u015funlar\u0131 s\u00f6yledi, \u201cU\u011fur Mumcu\u2019nun kalemi, hakikatin g\u00fcc\u00fc ve halk\u0131n vicdan\u0131yd\u0131. Onun a\u00e7t\u0131\u011f\u0131 yolda ba\u011f\u0131ms\u0131z ve \u00f6zg\u00fcr bir gelecek i\u00e7in \u00e7aba g\u00f6stermeye devam edece\u011fiz. Bu anlaml\u0131 gecede, halk\u0131m\u0131z\u0131 b\u00fcy\u00fck bir fikir insan\u0131n\u0131 anmak ve anlamak i\u00e7in bir araya gelmeye davet ediyorum\u201d dedi.<br \/><\/p>\n","protected":false},"excerpt":{"rendered":"<p>Denizli B\u00fcy\u00fck\u015fehir Belediyesi, T\u00fcrk bas\u0131n\u0131n\u0131n ve d\u00fc\u015f\u00fcnce hayat\u0131n\u0131n unutulmaz isimlerinden U\u011fur Mumcu\u2019yu, vefat\u0131n\u0131n 32. y\u0131ld\u00f6n\u00fcm\u00fcnde \u00f6zel bir programla anacak. Program, Gazeteci-y\u00f6netmen Nebil \u00d6zgent\u00fcrk\u2019\u00fcn sunumuyla U\u011fur Mumcu\u2019nun ya\u015fam\u0131n\u0131 ve fikirlerini ele alan \u201cBir keskin ve \u00f6l\u00fcms\u00fcz kalem, U\u011fur Mumcu\u2019yu an\u0131yoruz\u201d ba\u015fl\u0131kl\u0131 belgesel g\u00f6sterimiyle ba\u015flayacak. \u00d6zgent\u00fcrk\u2019\u00fcn U\u011fur Mumcu\u2019nun d\u00fc\u015f\u00fcnce d\u00fcnyas\u0131na \u0131\u015f\u0131k tutaca\u011f\u0131 \u00f6zel konu\u015fmas\u0131yla devam edecek etkinlik,&#8230;<\/p>\n","protected":false},"author":1,"featured_media":11989,"comment_status":"open","ping_status":"open","sticky":false,"template":"","format":"standard","meta":{"_crdt_document":"","footnotes":""},"categories":[1],"tags":[],"class_list":["post-11988","post","type-post","status-publish","format-standard","has-post-thumbnail","hentry","category-guncel"],"_links":{"self":[{"href":"https:\/\/www.egemtv.com\/index.php?rest_route=\/wp\/v2\/posts\/11988","targetHints":{"allow":["GET"]}}],"collection":[{"href":"https:\/\/www.egemtv.com\/index.php?rest_route=\/wp\/v2\/posts"}],"about":[{"href":"https:\/\/www.egemtv.com\/index.php?rest_route=\/wp\/v2\/types\/post"}],"author":[{"embeddable":true,"href":"https:\/\/www.egemtv.com\/index.php?rest_route=\/wp\/v2\/users\/1"}],"replies":[{"embeddable":true,"href":"https:\/\/www.egemtv.com\/index.php?rest_route=%2Fwp%2Fv2%2Fcomments&post=11988"}],"version-history":[{"count":1,"href":"https:\/\/www.egemtv.com\/index.php?rest_route=\/wp\/v2\/posts\/11988\/revisions"}],"predecessor-version":[{"id":11990,"href":"https:\/\/www.egemtv.com\/index.php?rest_route=\/wp\/v2\/posts\/11988\/revisions\/11990"}],"wp:featuredmedia":[{"embeddable":true,"href":"https:\/\/www.egemtv.com\/index.php?rest_route=\/wp\/v2\/media\/11989"}],"wp:attachment":[{"href":"https:\/\/www.egemtv.com\/index.php?rest_route=%2Fwp%2Fv2%2Fmedia&parent=11988"}],"wp:term":[{"taxonomy":"category","embeddable":true,"href":"https:\/\/www.egemtv.com\/index.php?rest_route=%2Fwp%2Fv2%2Fcategories&post=11988"},{"taxonomy":"post_tag","embeddable":true,"href":"https:\/\/www.egemtv.com\/index.php?rest_route=%2Fwp%2Fv2%2Ftags&post=11988"}],"curies":[{"name":"wp","href":"https:\/\/api.w.org\/{rel}","templated":true}]}}