{"id":11982,"date":"2025-01-24T11:04:02","date_gmt":"2025-01-24T08:04:02","guid":{"rendered":"https:\/\/www.egemtv.com\/?p=11982"},"modified":"2025-01-24T11:04:04","modified_gmt":"2025-01-24T08:04:04","slug":"marmariste-kapali-carsi-el-birligi-ile-guzellesecek","status":"publish","type":"post","link":"https:\/\/www.egemtv.com\/?p=11982","title":{"rendered":"Marmaris\u2019te Kapal\u0131 \u00c7ar\u015f\u0131 el birli\u011fi ile g\u00fczelle\u015fecek"},"content":{"rendered":"<p>Her y\u0131l binlerce turist a\u011f\u0131rlayan Marmaris Kapal\u0131 \u00c7ar\u015f\u0131\u2019da yer alan de\u011fi\u015fim r\u00fczgarlar\u0131 esiyor. Marmaris Belediyesi\u2019nin 43 ve 51. Sokak\u2019ta ba\u015flatt\u0131\u011f\u0131 hummal\u0131 \u00e7al\u0131\u015fmalar son h\u0131z devam ederken; 51. Sokak\u2019ta binalar\u0131n d\u0131\u015f cephelerinde kent esteti\u011fine uymayan unsurlarla ilgili tadilat yap\u0131lmas\u0131 i\u00e7in de harekete ge\u00e7ti.<\/p>\n<p>Marmaris\u2019e gelen turistlerin al\u0131\u015fveri\u015f i\u00e7in ziyaret etti\u011fi Kapal\u0131 \u00c7ar\u015f\u0131\u2019daki 43 ve 51. Sokakta Fen \u0130\u015fleri M\u00fcd\u00fcrl\u00fc\u011f\u00fc taraf\u0131ndan ba\u015flanan \u00e7al\u0131\u015fma h\u0131zla devam ediyor. Aral\u0131k ay\u0131n\u0131n son haftas\u0131 43. Sokak\u2019ta ba\u015flanan \u00e7al\u0131\u015fmalarda ilk olarak eskiyen yer d\u00f6\u015femeleri kald\u0131r\u0131ld\u0131. Di\u011fer altyap\u0131 kurumlar\u0131yla koordineli olarak y\u00fcr\u00fct\u00fclen \u00e7al\u0131\u015fmalar tamamland\u0131\u011f\u0131nda \u00fcst yap\u0131 i\u00e7in kazma vurulacak. Asmal\u0131 sokak olarak da adland\u0131r\u0131lan 43. Sokak\u2019ta \u00fcst k\u0131s\u0131mda yer alan sarma\u015f\u0131k bitkisi ise mevcut haliyle korunacak.<\/p>\n<p>Yakla\u015f\u0131k iki hafta \u00f6nce de 51. Sokak\u2019ta \u00e7al\u0131\u015fma ba\u015flat\u0131ld\u0131. \u0130lk olarak eskiyen, y\u0131pranan ve estetik a\u00e7\u0131dan g\u00fczel bir g\u00f6r\u00fcnt\u00fc arz etmeyen \u00e7at\u0131 kaplamas\u0131 s\u00f6k\u00fclen sokakta revizyon \u00e7al\u0131\u015fmas\u0131 da ba\u015flad\u0131. Alt ve \u00fcst yap\u0131n\u0131n tamamen yenilenece\u011fi \u00e7al\u0131\u015fma tamamland\u0131\u011f\u0131nda daha ayd\u0131nl\u0131k ve ferah g\u00f6r\u00fcnt\u00fcs\u00fcyle soka\u011f\u0131n \u00e7ehresi tamamen yenilenecek.<\/p>\n<p>\u00c7al\u0131\u015fmalar devam ederken Marmaris Belediyesi binalarda da cephe d\u00fczenlemesi yap\u0131lmas\u0131 i\u00e7in bilgilendirme tebligatlar\u0131 g\u00f6ndermeye ba\u015flad\u0131. 51. sokakta g\u00f6lgelik ama\u00e7l\u0131 sundurmalar\u0131n kald\u0131r\u0131lmas\u0131n\u0131n ard\u0131ndan ortaya \u00e7\u0131kan k\u00f6t\u00fc g\u00f6r\u00fcnt\u00fcn\u00fcn \u00f6n\u00fcne ge\u00e7ebilmek i\u00e7in kat maliklerine bilgilendirme yap\u0131l\u0131rken; 3194 say\u0131l\u0131 \u0130mar Kanunu\u2019nun 8\/j, 21 ve 40. maddeleri gere\u011fince kent esteti\u011fi ad\u0131na d\u0131\u015f cephenin boya badanas\u0131n\u0131n yap\u0131lmas\u0131, sarkan kablo, telefon ve elektrik hatlar\u0131n\u0131n toplanmas\u0131, klimalar\u0131n dekoratif sperat\u00f6r i\u00e7ine konulmas\u0131 ve g\u00f6r\u00fcnt\u00fc kirlili\u011fine sebep olan unsurlar\u0131n kald\u0131r\u0131lmas\u0131 istendi.<\/p>\n<p>Ba\u015fkan \u00dcnl\u00fc: \u201cHak etti\u011fi noktaya gelecek\u201d<br \/>\n<br \/>\u00c7al\u0131\u015fmalar\u0131 yerinde denetleyen Marmaris Belediye Ba\u015fkan\u0131 Acar \u00dcnl\u00fc, Kapal\u0131 \u00c7ar\u015f\u0131\u2019daki yenileme \u00e7al\u0131\u015fmalar\u0131n\u0131n se\u00e7im vaatlerinden biri oldu\u011funu hat\u0131rlatarak, \u201cBuras\u0131 il\u00e7emizin kalbi ama bug\u00fcne kadar \u00e7ok hor kullan\u0131lm\u0131\u015f. Bir\u00e7ok sorunu var. Bizler ad\u0131m ad\u0131m bu sorunlar\u0131 \u00e7\u00f6zecek, b\u00f6lge esnaf\u0131m\u0131z ve b\u00f6lgedeki bina sahipleri ile birlikte elbirli\u011fiyle Kapal\u0131 \u00c7ar\u015f\u0131\u2019y\u0131 hak etti\u011fi g\u00fczelli\u011fe kavu\u015fturaca\u011f\u0131z\u201d ifadelerini kulland\u0131.<br \/><\/p>\n","protected":false},"excerpt":{"rendered":"<p>Her y\u0131l binlerce turist a\u011f\u0131rlayan Marmaris Kapal\u0131 \u00c7ar\u015f\u0131\u2019da yer alan de\u011fi\u015fim r\u00fczgarlar\u0131 esiyor. Marmaris Belediyesi\u2019nin 43 ve 51. Sokak\u2019ta ba\u015flatt\u0131\u011f\u0131 hummal\u0131 \u00e7al\u0131\u015fmalar son h\u0131z devam ederken; 51. Sokak\u2019ta binalar\u0131n d\u0131\u015f cephelerinde kent esteti\u011fine uymayan unsurlarla ilgili tadilat yap\u0131lmas\u0131 i\u00e7in de harekete ge\u00e7ti. Marmaris\u2019e gelen turistlerin al\u0131\u015fveri\u015f i\u00e7in ziyaret etti\u011fi Kapal\u0131 \u00c7ar\u015f\u0131\u2019daki 43 ve 51. Sokakta&#8230;<\/p>\n","protected":false},"author":1,"featured_media":11983,"comment_status":"open","ping_status":"open","sticky":false,"template":"","format":"standard","meta":{"_crdt_document":"","footnotes":""},"categories":[1],"tags":[],"class_list":["post-11982","post","type-post","status-publish","format-standard","has-post-thumbnail","hentry","category-guncel"],"_links":{"self":[{"href":"https:\/\/www.egemtv.com\/index.php?rest_route=\/wp\/v2\/posts\/11982","targetHints":{"allow":["GET"]}}],"collection":[{"href":"https:\/\/www.egemtv.com\/index.php?rest_route=\/wp\/v2\/posts"}],"about":[{"href":"https:\/\/www.egemtv.com\/index.php?rest_route=\/wp\/v2\/types\/post"}],"author":[{"embeddable":true,"href":"https:\/\/www.egemtv.com\/index.php?rest_route=\/wp\/v2\/users\/1"}],"replies":[{"embeddable":true,"href":"https:\/\/www.egemtv.com\/index.php?rest_route=%2Fwp%2Fv2%2Fcomments&post=11982"}],"version-history":[{"count":1,"href":"https:\/\/www.egemtv.com\/index.php?rest_route=\/wp\/v2\/posts\/11982\/revisions"}],"predecessor-version":[{"id":11984,"href":"https:\/\/www.egemtv.com\/index.php?rest_route=\/wp\/v2\/posts\/11982\/revisions\/11984"}],"wp:featuredmedia":[{"embeddable":true,"href":"https:\/\/www.egemtv.com\/index.php?rest_route=\/wp\/v2\/media\/11983"}],"wp:attachment":[{"href":"https:\/\/www.egemtv.com\/index.php?rest_route=%2Fwp%2Fv2%2Fmedia&parent=11982"}],"wp:term":[{"taxonomy":"category","embeddable":true,"href":"https:\/\/www.egemtv.com\/index.php?rest_route=%2Fwp%2Fv2%2Fcategories&post=11982"},{"taxonomy":"post_tag","embeddable":true,"href":"https:\/\/www.egemtv.com\/index.php?rest_route=%2Fwp%2Fv2%2Ftags&post=11982"}],"curies":[{"name":"wp","href":"https:\/\/api.w.org\/{rel}","templated":true}]}}