{"id":11979,"date":"2025-01-24T11:01:15","date_gmt":"2025-01-24T08:01:15","guid":{"rendered":"https:\/\/www.egemtv.com\/?p=11979"},"modified":"2025-01-24T11:01:16","modified_gmt":"2025-01-24T08:01:16","slug":"kutahya-belediyesinden-miniklere-sifir-atik-egitimi","status":"publish","type":"post","link":"https:\/\/www.egemtv.com\/?p=11979","title":{"rendered":"K\u00fctahya Belediyesi\u2019nden miniklere &#8220;S\u0131f\u0131r at\u0131k&#8221; e\u011fitimi"},"content":{"rendered":"<p>K\u00fctahya Belediyesi, \u00e7evre bilincini art\u0131rmak ve \u00e7ocuklara s\u0131f\u0131r at\u0131k anlay\u0131\u015f\u0131n\u0131 erken ya\u015fta kazand\u0131rmak amac\u0131yla \u00f6nemli bir e\u011fitim program\u0131 d\u00fczenledi. K\u00fctahya Belediyesi G\u00fcnd\u00fcz \u00c7ocuk Bak\u0131mevi\u2019nde ger\u00e7ekle\u015ftirilen \u201cS\u0131f\u0131r at\u0131k\u201d e\u011fitimi, miniklerden b\u00fcy\u00fck ilgi g\u00f6rd\u00fc.<br \/>\n<br \/>Belediyenin \u0130klim De\u011fi\u015fikli\u011fi ve S\u0131f\u0131r At\u0131k M\u00fcd\u00fcrl\u00fc\u011f\u00fc taraf\u0131ndan verilen e\u011fitimde, s\u0131f\u0131r at\u0131k ilkeleri, at\u0131k t\u00fcrleri ve geri d\u00f6n\u00fc\u015f\u00fcm s\u00fcreci detayl\u0131 bir \u015fekilde anlat\u0131ld\u0131. Ayr\u0131ca, at\u0131klar\u0131n \u00e7evreye olan olumsuz etkileri vurgulanarak, \u00e7ocuklara at\u0131klar\u0131 do\u011fru \u015fekilde ayr\u0131\u015ft\u0131rma konusunda hem teorik bilgiler aktar\u0131ld\u0131 hem de uygulamal\u0131 etkinlikler d\u00fczenlendi.<br \/>\n<br \/>K\u00fctahya Belediyesi, s\u00fcrd\u00fcr\u00fclebilir bir \u00e7evre bilinci olu\u015fturmak amac\u0131yla e\u011fitim \u00e7al\u0131\u015fmalar\u0131na devam edece\u011fini duyurdu.<br \/><\/p>\n","protected":false},"excerpt":{"rendered":"<p>K\u00fctahya Belediyesi, \u00e7evre bilincini art\u0131rmak ve \u00e7ocuklara s\u0131f\u0131r at\u0131k anlay\u0131\u015f\u0131n\u0131 erken ya\u015fta kazand\u0131rmak amac\u0131yla \u00f6nemli bir e\u011fitim program\u0131 d\u00fczenledi. K\u00fctahya Belediyesi G\u00fcnd\u00fcz \u00c7ocuk Bak\u0131mevi\u2019nde ger\u00e7ekle\u015ftirilen \u201cS\u0131f\u0131r at\u0131k\u201d e\u011fitimi, miniklerden b\u00fcy\u00fck ilgi g\u00f6rd\u00fc. Belediyenin \u0130klim De\u011fi\u015fikli\u011fi ve S\u0131f\u0131r At\u0131k M\u00fcd\u00fcrl\u00fc\u011f\u00fc taraf\u0131ndan verilen e\u011fitimde, s\u0131f\u0131r at\u0131k ilkeleri, at\u0131k t\u00fcrleri ve geri d\u00f6n\u00fc\u015f\u00fcm s\u00fcreci detayl\u0131 bir \u015fekilde anlat\u0131ld\u0131&#8230;.<\/p>\n","protected":false},"author":1,"featured_media":11980,"comment_status":"open","ping_status":"open","sticky":false,"template":"","format":"standard","meta":{"_crdt_document":"","footnotes":""},"categories":[1],"tags":[],"class_list":["post-11979","post","type-post","status-publish","format-standard","has-post-thumbnail","hentry","category-guncel"],"_links":{"self":[{"href":"https:\/\/www.egemtv.com\/index.php?rest_route=\/wp\/v2\/posts\/11979","targetHints":{"allow":["GET"]}}],"collection":[{"href":"https:\/\/www.egemtv.com\/index.php?rest_route=\/wp\/v2\/posts"}],"about":[{"href":"https:\/\/www.egemtv.com\/index.php?rest_route=\/wp\/v2\/types\/post"}],"author":[{"embeddable":true,"href":"https:\/\/www.egemtv.com\/index.php?rest_route=\/wp\/v2\/users\/1"}],"replies":[{"embeddable":true,"href":"https:\/\/www.egemtv.com\/index.php?rest_route=%2Fwp%2Fv2%2Fcomments&post=11979"}],"version-history":[{"count":1,"href":"https:\/\/www.egemtv.com\/index.php?rest_route=\/wp\/v2\/posts\/11979\/revisions"}],"predecessor-version":[{"id":11981,"href":"https:\/\/www.egemtv.com\/index.php?rest_route=\/wp\/v2\/posts\/11979\/revisions\/11981"}],"wp:featuredmedia":[{"embeddable":true,"href":"https:\/\/www.egemtv.com\/index.php?rest_route=\/wp\/v2\/media\/11980"}],"wp:attachment":[{"href":"https:\/\/www.egemtv.com\/index.php?rest_route=%2Fwp%2Fv2%2Fmedia&parent=11979"}],"wp:term":[{"taxonomy":"category","embeddable":true,"href":"https:\/\/www.egemtv.com\/index.php?rest_route=%2Fwp%2Fv2%2Fcategories&post=11979"},{"taxonomy":"post_tag","embeddable":true,"href":"https:\/\/www.egemtv.com\/index.php?rest_route=%2Fwp%2Fv2%2Ftags&post=11979"}],"curies":[{"name":"wp","href":"https:\/\/api.w.org\/{rel}","templated":true}]}}