{"id":11976,"date":"2025-01-24T11:01:12","date_gmt":"2025-01-24T08:01:12","guid":{"rendered":"https:\/\/www.egemtv.com\/?p=11976"},"modified":"2025-01-24T11:01:14","modified_gmt":"2025-01-24T08:01:14","slug":"gedizde-hayirsever-vatandastan-kuran-kursu-insaatina-destek","status":"publish","type":"post","link":"https:\/\/www.egemtv.com\/?p=11976","title":{"rendered":"Gediz\u2019de hay\u0131rsever vatanda\u015ftan Kur\u2019an Kursu in\u015faat\u0131na destek"},"content":{"rendered":"<p>K\u00fctahya\u2019n\u0131n Gediz \u0130l\u00e7e M\u00fcft\u00fcl\u00fc\u011f\u00fc taraf\u0131ndan yap\u0131m\u0131na ba\u015flanan, ancak maddi s\u0131k\u0131nt\u0131lar nedeniyle durma noktas\u0131na gelen haf\u0131zl\u0131k Kur\u2019an Kursu in\u015faat\u0131 i\u00e7in Gedizli bir hay\u0131rsever y\u00fckl\u00fc bir sa\u011f\u0131\u015f yapt\u0131.<br \/>\n<br \/>Bodur Camii cemaatinden olan ve daha \u00f6nce de M\u00fcft\u00fcl\u00fc\u011f\u00fcn dini ve hayri hizmetlerine destek veren ya\u015fl\u0131 bir vatanda\u015f, Cami \u0130mam Hatibi Harun Aksu\u2019nun in\u015faat\u0131n durumu hakk\u0131ndaki bilgilendirmesinden etkilenerek 109 bin 500 TL ba\u011f\u0131\u015fta bulundu. Ba\u011f\u0131\u015f s\u0131ras\u0131nda duygular\u0131n\u0131 payla\u015fan hay\u0131rsever vatanda\u015f, &#8220;Harun hocam\u0131z, Kur\u2019an kursu in\u015faat\u0131n\u0131n maddi sebeplerden dolay\u0131 durdu\u011funu s\u00f6yleyince duyguland\u0131m. Az \u00e7ok demeden destek olmaya karar verdim. Mal\u0131m\u0131z m\u00fclk\u00fcm\u00fcz Kur\u2019an hizmetine feda olsun&#8221; dedi.<br \/>\n<br \/>\u015eube M\u00fcd\u00fcr\u00fc Mehmet D\u00f6nmez, ba\u011f\u0131\u015f\u0131 kabul ederken hay\u0131rsever vatanda\u015fa te\u015fekk\u00fcr ederek, &#8220;Yakla\u015f\u0131k 2-3 ay \u00f6nce temel demirleri ba\u011flanan ve sonras\u0131nda maddi sebeplerden dolay\u0131 in\u015faat\u0131 duran erkek Kur\u2019an kursumuzun durumu hepimizi \u00fcz\u00fcyordu. Ancak bu amcam\u0131z gibi g\u00f6nl\u00fc zengin hay\u0131rseverlerin destekleriyle umutlar\u0131m\u0131z\u0131 yeniden tazeliyoruz. Rabbim hayr\u0131n\u0131 kabul etsin&#8221; ifadelerini kulland\u0131.<br \/>\n<br \/>D\u00f6nmez, Gediz halk\u0131n\u0131 Kur\u2019an kursu in\u015faat\u0131na destek olmaya davet etti.<br \/><\/p>\n","protected":false},"excerpt":{"rendered":"<p>K\u00fctahya\u2019n\u0131n Gediz \u0130l\u00e7e M\u00fcft\u00fcl\u00fc\u011f\u00fc taraf\u0131ndan yap\u0131m\u0131na ba\u015flanan, ancak maddi s\u0131k\u0131nt\u0131lar nedeniyle durma noktas\u0131na gelen haf\u0131zl\u0131k Kur\u2019an Kursu in\u015faat\u0131 i\u00e7in Gedizli bir hay\u0131rsever y\u00fckl\u00fc bir sa\u011f\u0131\u015f yapt\u0131. Bodur Camii cemaatinden olan ve daha \u00f6nce de M\u00fcft\u00fcl\u00fc\u011f\u00fcn dini ve hayri hizmetlerine destek veren ya\u015fl\u0131 bir vatanda\u015f, Cami \u0130mam Hatibi Harun Aksu\u2019nun in\u015faat\u0131n durumu hakk\u0131ndaki bilgilendirmesinden etkilenerek 109&#8230;<\/p>\n","protected":false},"author":1,"featured_media":11977,"comment_status":"open","ping_status":"open","sticky":false,"template":"","format":"standard","meta":{"_crdt_document":"","footnotes":""},"categories":[123],"tags":[],"class_list":["post-11976","post","type-post","status-publish","format-standard","has-post-thumbnail","hentry","category-gundem"],"_links":{"self":[{"href":"https:\/\/www.egemtv.com\/index.php?rest_route=\/wp\/v2\/posts\/11976","targetHints":{"allow":["GET"]}}],"collection":[{"href":"https:\/\/www.egemtv.com\/index.php?rest_route=\/wp\/v2\/posts"}],"about":[{"href":"https:\/\/www.egemtv.com\/index.php?rest_route=\/wp\/v2\/types\/post"}],"author":[{"embeddable":true,"href":"https:\/\/www.egemtv.com\/index.php?rest_route=\/wp\/v2\/users\/1"}],"replies":[{"embeddable":true,"href":"https:\/\/www.egemtv.com\/index.php?rest_route=%2Fwp%2Fv2%2Fcomments&post=11976"}],"version-history":[{"count":1,"href":"https:\/\/www.egemtv.com\/index.php?rest_route=\/wp\/v2\/posts\/11976\/revisions"}],"predecessor-version":[{"id":11978,"href":"https:\/\/www.egemtv.com\/index.php?rest_route=\/wp\/v2\/posts\/11976\/revisions\/11978"}],"wp:featuredmedia":[{"embeddable":true,"href":"https:\/\/www.egemtv.com\/index.php?rest_route=\/wp\/v2\/media\/11977"}],"wp:attachment":[{"href":"https:\/\/www.egemtv.com\/index.php?rest_route=%2Fwp%2Fv2%2Fmedia&parent=11976"}],"wp:term":[{"taxonomy":"category","embeddable":true,"href":"https:\/\/www.egemtv.com\/index.php?rest_route=%2Fwp%2Fv2%2Fcategories&post=11976"},{"taxonomy":"post_tag","embeddable":true,"href":"https:\/\/www.egemtv.com\/index.php?rest_route=%2Fwp%2Fv2%2Ftags&post=11976"}],"curies":[{"name":"wp","href":"https:\/\/api.w.org\/{rel}","templated":true}]}}