{"id":11970,"date":"2025-01-24T10:56:12","date_gmt":"2025-01-24T07:56:12","guid":{"rendered":"https:\/\/www.egemtv.com\/?p=11970"},"modified":"2025-01-24T10:56:13","modified_gmt":"2025-01-24T07:56:13","slug":"koycegizde-ara-tatilde-cocuklar-camide-bulustu","status":"publish","type":"post","link":"https:\/\/www.egemtv.com\/?p=11970","title":{"rendered":"K\u00f6yce\u011fiz\u2019de ara tatilde \u00e7ocuklar camide bulu\u015ftu"},"content":{"rendered":"<p>Mu\u011fla\u2019n\u0131n K\u00f6yce\u011fiz il\u00e7esi M\u00fcft\u00fcl\u00fc\u011f\u00fc Gen\u00e7lik Koordinat\u00f6rl\u00fc\u011f\u00fc taraf\u0131ndan yar\u0131y\u0131l tatilini de\u011ferlendirmek maksad\u0131yla Zeytinalan\u0131 Merkez Camiinde Cami-\u00c7ocuk Bulu\u015fmas\u0131 ger\u00e7ekle\u015ftirildi.<\/p>\n<p>Yar\u0131\u015fmalar, oyunlar ve s\u00fcrpriz hediyelerin verildi\u011fi Cami-\u00c7ocuk bulu\u015fmas\u0131nda Cami \u0130mam-Hatibi \u0130smail Ene\u00e7\u2019in Cami ve Caminin b\u00f6l\u00fcmleri ve din g\u00f6revlileri hakk\u0131nda yapt\u0131\u011f\u0131 bilgilendirmeden sonra \u0130l\u00e7e Gen\u00e7lik Koordinat\u00f6r\u00fc Vaiz Emine Okulu da \u201cM\u00fcsl\u00fcmanlar i\u00e7in \u00f6nemli olan \u00fc\u00e7 Mescid\u201d ile ilgili bir sunum yapt\u0131.<\/p>\n<p>Yo\u011fun bir kat\u0131l\u0131mla ger\u00e7ekle\u015fen programda yar\u0131\u015fmalar, ilahiler ve oyunlarla doyas\u0131ya e\u011flenen \u00e7ocuklara \u0130l\u00e7e M\u00fcft\u00fcs\u00fc Ahmet Karag\u00f6z hediyeler vererek, \u201cBug\u00fcn gelece\u011fin teminat\u0131 \u00e7ocuklar\u0131m\u0131z\u0131n velileriyle Cami \u00c7ocuk bulu\u015fmas\u0131ndan dolay\u0131 \u00e7ok mutlu oldum. Gelece\u011fin b\u00fcy\u00fcklerinin Y\u00fcce Yarat\u0131c\u0131 ile sa\u011fl\u0131kl\u0131 bir ba\u011f kurmalar\u0131na yard\u0131mc\u0131 olmak, onlara milli birlik ve beraberlik \u015fuuru a\u015f\u0131lamak, ibadetin huzurunu ke\u015ffetmelerini ve de\u011ferlerimizi \u00f6\u011frenmelerini sa\u011flamak d\u00fc\u015f\u00fcncesiyle yap\u0131lan bu bulu\u015fmada eme\u011fi ge\u00e7en Gen\u00e7lik Koordinat\u00f6rlerimize, Kur\u2019an Kursu hocalar\u0131ma ve Din g\u00f6revlilerime te\u015fekk\u00fcr ediyorum.\u201d dedi. Velilerin ve g\u00f6n\u00fcll\u00fclerin misafirlere \u00e7e\u015fitli ikramlarda bulunmas\u0131, Kur\u2019an Kursu \u00d6\u011freticileri M\u00fccahide Evleksiz, Hacer Ayd\u0131n, Ay\u015fe Yaman ve Feride Demir\u2019le birlikte Gen\u00e7lik Koordinat\u00f6r\u00fcn\u00fcn camiye gelen \u00e7ocuklara hediyelerin verilmesi ve rozetlerinin tak\u0131lmas\u0131 ile program son buldu.<br \/><\/p>\n","protected":false},"excerpt":{"rendered":"<p>Mu\u011fla\u2019n\u0131n K\u00f6yce\u011fiz il\u00e7esi M\u00fcft\u00fcl\u00fc\u011f\u00fc Gen\u00e7lik Koordinat\u00f6rl\u00fc\u011f\u00fc taraf\u0131ndan yar\u0131y\u0131l tatilini de\u011ferlendirmek maksad\u0131yla Zeytinalan\u0131 Merkez Camiinde Cami-\u00c7ocuk Bulu\u015fmas\u0131 ger\u00e7ekle\u015ftirildi. Yar\u0131\u015fmalar, oyunlar ve s\u00fcrpriz hediyelerin verildi\u011fi Cami-\u00c7ocuk bulu\u015fmas\u0131nda Cami \u0130mam-Hatibi \u0130smail Ene\u00e7\u2019in Cami ve Caminin b\u00f6l\u00fcmleri ve din g\u00f6revlileri hakk\u0131nda yapt\u0131\u011f\u0131 bilgilendirmeden sonra \u0130l\u00e7e Gen\u00e7lik Koordinat\u00f6r\u00fc Vaiz Emine Okulu da \u201cM\u00fcsl\u00fcmanlar i\u00e7in \u00f6nemli olan \u00fc\u00e7 Mescid\u201d ile ilgili&#8230;<\/p>\n","protected":false},"author":1,"featured_media":11971,"comment_status":"open","ping_status":"open","sticky":false,"template":"","format":"standard","meta":{"_crdt_document":"","footnotes":""},"categories":[1],"tags":[],"class_list":["post-11970","post","type-post","status-publish","format-standard","has-post-thumbnail","hentry","category-guncel"],"_links":{"self":[{"href":"https:\/\/www.egemtv.com\/index.php?rest_route=\/wp\/v2\/posts\/11970","targetHints":{"allow":["GET"]}}],"collection":[{"href":"https:\/\/www.egemtv.com\/index.php?rest_route=\/wp\/v2\/posts"}],"about":[{"href":"https:\/\/www.egemtv.com\/index.php?rest_route=\/wp\/v2\/types\/post"}],"author":[{"embeddable":true,"href":"https:\/\/www.egemtv.com\/index.php?rest_route=\/wp\/v2\/users\/1"}],"replies":[{"embeddable":true,"href":"https:\/\/www.egemtv.com\/index.php?rest_route=%2Fwp%2Fv2%2Fcomments&post=11970"}],"version-history":[{"count":1,"href":"https:\/\/www.egemtv.com\/index.php?rest_route=\/wp\/v2\/posts\/11970\/revisions"}],"predecessor-version":[{"id":11972,"href":"https:\/\/www.egemtv.com\/index.php?rest_route=\/wp\/v2\/posts\/11970\/revisions\/11972"}],"wp:featuredmedia":[{"embeddable":true,"href":"https:\/\/www.egemtv.com\/index.php?rest_route=\/wp\/v2\/media\/11971"}],"wp:attachment":[{"href":"https:\/\/www.egemtv.com\/index.php?rest_route=%2Fwp%2Fv2%2Fmedia&parent=11970"}],"wp:term":[{"taxonomy":"category","embeddable":true,"href":"https:\/\/www.egemtv.com\/index.php?rest_route=%2Fwp%2Fv2%2Fcategories&post=11970"},{"taxonomy":"post_tag","embeddable":true,"href":"https:\/\/www.egemtv.com\/index.php?rest_route=%2Fwp%2Fv2%2Ftags&post=11970"}],"curies":[{"name":"wp","href":"https:\/\/api.w.org\/{rel}","templated":true}]}}