{"id":11967,"date":"2025-01-24T10:56:09","date_gmt":"2025-01-24T07:56:09","guid":{"rendered":"https:\/\/www.egemtv.com\/?p=11967"},"modified":"2025-01-24T10:56:11","modified_gmt":"2025-01-24T07:56:11","slug":"germencik-kaymakami-dogru-vali-canbolati-agirladi","status":"publish","type":"post","link":"https:\/\/www.egemtv.com\/?p=11967","title":{"rendered":"Germencik Kaymakam\u0131 Do\u011fru, Vali Canbolat\u2019\u0131 a\u011f\u0131rlad\u0131"},"content":{"rendered":"<p>Ayd\u0131n Valisi Yakup Canbolat Germencik Kaymakam\u0131 Sultan Do\u011fru\u2019ya iade-i ziyarette bulundu. Vali Canbolat ve Kaymakam Do\u011fru, bir s\u00fcre sohbet ederek il\u00e7enin geli\u015fimi ve kamu hizmetleri hakk\u0131nda g\u00f6r\u00fc\u015f al\u0131\u015fveri\u015finde bulundu.<\/p>\n<p>Ayd\u0131n Valisi Yakup Canbolat, e\u015fi Ay\u015feg\u00fcl Canbolat ile birlikte Germencik Kaymakam\u0131 Sultan Do\u011fru\u2019ya iade-i ziyaret ger\u00e7ekle\u015ftirdi. \u0130l\u00e7enin genel durumu, ekonomik faaliyetleri ve devam eden kamu projeleri hakk\u0131nda Kaymakam Do\u011fru\u2019dan bilgi alan Vali Canbolat, Do\u011fru\u2019ya g\u00f6revinde ba\u015far\u0131lar diledi. Kaymakam Sultan Do\u011fru da Vali Canbolat ve e\u015fine ziyaretinden dolay\u0131 te\u015fekk\u00fcr ederek Germencik\u2019i daha da geli\u015ftirmek i\u00e7in var g\u00fc\u00e7leriyle \u00e7al\u0131\u015facaklar\u0131n\u0131, il\u00e7ede hayata ge\u00e7irilecek projeler ve \u00e7\u00f6z\u00fcm bekleyen sorunlarla ilgili olarak Vali Canbolat ile s\u00fcrekli ileti\u015fim halinde olacaklar\u0131n\u0131 belirtti.<br \/><\/p>\n","protected":false},"excerpt":{"rendered":"<p>Ayd\u0131n Valisi Yakup Canbolat Germencik Kaymakam\u0131 Sultan Do\u011fru\u2019ya iade-i ziyarette bulundu. Vali Canbolat ve Kaymakam Do\u011fru, bir s\u00fcre sohbet ederek il\u00e7enin geli\u015fimi ve kamu hizmetleri hakk\u0131nda g\u00f6r\u00fc\u015f al\u0131\u015fveri\u015finde bulundu. Ayd\u0131n Valisi Yakup Canbolat, e\u015fi Ay\u015feg\u00fcl Canbolat ile birlikte Germencik Kaymakam\u0131 Sultan Do\u011fru\u2019ya iade-i ziyaret ger\u00e7ekle\u015ftirdi. \u0130l\u00e7enin genel durumu, ekonomik faaliyetleri ve devam eden kamu projeleri&#8230;<\/p>\n","protected":false},"author":1,"featured_media":11968,"comment_status":"open","ping_status":"open","sticky":false,"template":"","format":"standard","meta":{"_crdt_document":"","footnotes":""},"categories":[1],"tags":[],"class_list":["post-11967","post","type-post","status-publish","format-standard","has-post-thumbnail","hentry","category-guncel"],"_links":{"self":[{"href":"https:\/\/www.egemtv.com\/index.php?rest_route=\/wp\/v2\/posts\/11967","targetHints":{"allow":["GET"]}}],"collection":[{"href":"https:\/\/www.egemtv.com\/index.php?rest_route=\/wp\/v2\/posts"}],"about":[{"href":"https:\/\/www.egemtv.com\/index.php?rest_route=\/wp\/v2\/types\/post"}],"author":[{"embeddable":true,"href":"https:\/\/www.egemtv.com\/index.php?rest_route=\/wp\/v2\/users\/1"}],"replies":[{"embeddable":true,"href":"https:\/\/www.egemtv.com\/index.php?rest_route=%2Fwp%2Fv2%2Fcomments&post=11967"}],"version-history":[{"count":1,"href":"https:\/\/www.egemtv.com\/index.php?rest_route=\/wp\/v2\/posts\/11967\/revisions"}],"predecessor-version":[{"id":11969,"href":"https:\/\/www.egemtv.com\/index.php?rest_route=\/wp\/v2\/posts\/11967\/revisions\/11969"}],"wp:featuredmedia":[{"embeddable":true,"href":"https:\/\/www.egemtv.com\/index.php?rest_route=\/wp\/v2\/media\/11968"}],"wp:attachment":[{"href":"https:\/\/www.egemtv.com\/index.php?rest_route=%2Fwp%2Fv2%2Fmedia&parent=11967"}],"wp:term":[{"taxonomy":"category","embeddable":true,"href":"https:\/\/www.egemtv.com\/index.php?rest_route=%2Fwp%2Fv2%2Fcategories&post=11967"},{"taxonomy":"post_tag","embeddable":true,"href":"https:\/\/www.egemtv.com\/index.php?rest_route=%2Fwp%2Fv2%2Ftags&post=11967"}],"curies":[{"name":"wp","href":"https:\/\/api.w.org\/{rel}","templated":true}]}}