{"id":11961,"date":"2025-01-24T10:54:05","date_gmt":"2025-01-24T07:54:05","guid":{"rendered":"https:\/\/www.egemtv.com\/?p=11961"},"modified":"2025-01-24T10:54:07","modified_gmt":"2025-01-24T07:54:07","slug":"baskan-durbay-mahallelerin-ihtiyaclarini-yerinde-tespit-ediyor","status":"publish","type":"post","link":"https:\/\/www.egemtv.com\/?p=11961","title":{"rendered":"Ba\u015fkan Durbay mahallelerin ihtiya\u00e7lar\u0131n\u0131 yerinde tespit ediyor"},"content":{"rendered":"<p>\u015eehzadeler Belediye Ba\u015fkan\u0131 G\u00fcl\u015fah Durbay, G\u00f6kta\u015fl\u0131 Mahallesi\u2019nde muhtar, esnaf ve yurtta\u015flarla bir araya gelerek mahalle ihtiya\u00e7lar\u0131n\u0131 yerinde de\u011ferlendirdi. Ba\u015fkan Durbay\u2019\u0131n samimi yakla\u015f\u0131m\u0131 mahalle sakinlerinden tam not ald\u0131.<br \/>\n<br \/>\u015eehzadeler Belediye Ba\u015fkan\u0131 G\u00fcl\u015fah Durbay, G\u00f6kta\u015fl\u0131 Mahallesi\u2019nde \u00e7e\u015fitli temaslarda bulundu. Ziyaretine, G\u00f6kta\u015fl\u0131 Mahalle Muhtar\u0131 Bayram G\u00fcne\u015f\u2019i muhtarl\u0131k binas\u0131nda ziyaret ederek ba\u015flayan Ba\u015fkan Durbay, mahalledeki ihtiya\u00e7lar ve talepler hakk\u0131nda bilgi ald\u0131. Muhtar Bayram G\u00fcne\u015f ile yap\u0131lan g\u00f6r\u00fc\u015fmenin ard\u0131ndan Ba\u015fkan Durbay, G\u00f6kta\u015fl\u0131 Mahallesi\u2019nde esnaf ve yurtta\u015flarla bir araya geldi. Esnafa hay\u0131rl\u0131 i\u015fler dileyen ve mahalle sakinlerinin talep ve \u00f6nerilerini dinleyen Ba\u015fkan Durbay, samimi diyaloglar\u0131yla g\u00f6n\u00fcllere dokundu. Ziyaret s\u0131ras\u0131nda mahalle sakinlerinin yo\u011fun ilgisiyle kar\u015f\u0131la\u015fan Ba\u015fkan Durbay, belediyenin mahalle i\u00e7in ger\u00e7ekle\u015ftirece\u011fi projeler ve hizmetler hakk\u0131nda da bilgi verdi. Ba\u015fkan Durbay, yurtta\u015flar\u0131n taleplerini yerinde dinlemenin ve \u00e7\u00f6z\u00fcm \u00fcretmenin \u015eehzadeler Belediyesi\u2019nin \u00f6ncelikleri aras\u0131nda oldu\u011funu vurgulad\u0131. G\u00f6kta\u015fl\u0131 Mahallesi ziyaretinin ard\u0131ndan Ba\u015fkan Durbay, mahalle sakinlerine te\u015fekk\u00fcr ederek \u00e7al\u0131\u015fmalar\u0131n devam edece\u011fini ifade etti.<br \/><\/p>\n","protected":false},"excerpt":{"rendered":"<p>\u015eehzadeler Belediye Ba\u015fkan\u0131 G\u00fcl\u015fah Durbay, G\u00f6kta\u015fl\u0131 Mahallesi\u2019nde muhtar, esnaf ve yurtta\u015flarla bir araya gelerek mahalle ihtiya\u00e7lar\u0131n\u0131 yerinde de\u011ferlendirdi. Ba\u015fkan Durbay\u2019\u0131n samimi yakla\u015f\u0131m\u0131 mahalle sakinlerinden tam not ald\u0131. \u015eehzadeler Belediye Ba\u015fkan\u0131 G\u00fcl\u015fah Durbay, G\u00f6kta\u015fl\u0131 Mahallesi\u2019nde \u00e7e\u015fitli temaslarda bulundu. Ziyaretine, G\u00f6kta\u015fl\u0131 Mahalle Muhtar\u0131 Bayram G\u00fcne\u015f\u2019i muhtarl\u0131k binas\u0131nda ziyaret ederek ba\u015flayan Ba\u015fkan Durbay, mahalledeki ihtiya\u00e7lar ve talepler hakk\u0131nda&#8230;<\/p>\n","protected":false},"author":1,"featured_media":11962,"comment_status":"open","ping_status":"open","sticky":false,"template":"","format":"standard","meta":{"_crdt_document":"","footnotes":""},"categories":[127],"tags":[],"class_list":["post-11961","post","type-post","status-publish","format-standard","has-post-thumbnail","hentry","category-siyaset"],"_links":{"self":[{"href":"https:\/\/www.egemtv.com\/index.php?rest_route=\/wp\/v2\/posts\/11961","targetHints":{"allow":["GET"]}}],"collection":[{"href":"https:\/\/www.egemtv.com\/index.php?rest_route=\/wp\/v2\/posts"}],"about":[{"href":"https:\/\/www.egemtv.com\/index.php?rest_route=\/wp\/v2\/types\/post"}],"author":[{"embeddable":true,"href":"https:\/\/www.egemtv.com\/index.php?rest_route=\/wp\/v2\/users\/1"}],"replies":[{"embeddable":true,"href":"https:\/\/www.egemtv.com\/index.php?rest_route=%2Fwp%2Fv2%2Fcomments&post=11961"}],"version-history":[{"count":1,"href":"https:\/\/www.egemtv.com\/index.php?rest_route=\/wp\/v2\/posts\/11961\/revisions"}],"predecessor-version":[{"id":11963,"href":"https:\/\/www.egemtv.com\/index.php?rest_route=\/wp\/v2\/posts\/11961\/revisions\/11963"}],"wp:featuredmedia":[{"embeddable":true,"href":"https:\/\/www.egemtv.com\/index.php?rest_route=\/wp\/v2\/media\/11962"}],"wp:attachment":[{"href":"https:\/\/www.egemtv.com\/index.php?rest_route=%2Fwp%2Fv2%2Fmedia&parent=11961"}],"wp:term":[{"taxonomy":"category","embeddable":true,"href":"https:\/\/www.egemtv.com\/index.php?rest_route=%2Fwp%2Fv2%2Fcategories&post=11961"},{"taxonomy":"post_tag","embeddable":true,"href":"https:\/\/www.egemtv.com\/index.php?rest_route=%2Fwp%2Fv2%2Ftags&post=11961"}],"curies":[{"name":"wp","href":"https:\/\/api.w.org\/{rel}","templated":true}]}}