{"id":11955,"date":"2025-01-24T10:49:27","date_gmt":"2025-01-24T07:49:27","guid":{"rendered":"https:\/\/www.egemtv.com\/?p=11955"},"modified":"2025-01-24T10:49:29","modified_gmt":"2025-01-24T07:49:29","slug":"cevizdere-sehitleri-gazileri-dernegi-kapatilma-tehlikesiyle-karsi-karsiya","status":"publish","type":"post","link":"https:\/\/www.egemtv.com\/?p=11955","title":{"rendered":"Cevizdere \u015eehitleri Gazileri Derne\u011fi kapat\u0131lma tehlikesiyle kar\u015f\u0131 kar\u015f\u0131ya"},"content":{"rendered":"<p>K\u00fctahya\u2019n\u0131n Tav\u015fanl\u0131 il\u00e7esinde 2001 y\u0131l\u0131ndan beri faaliyet g\u00f6steren Cevizdere \u015eehitleri Gazileri Derne\u011fi, kapanma tehlikesiyle kar\u015f\u0131 kar\u015f\u0131ya. Kuruldu\u011fu g\u00fcnden bu yana Kurtulu\u015f Sava\u015f\u0131 tarihine \u0131\u015f\u0131k tutan \u00f6nemli \u00e7al\u0131\u015fmalara imza atan dernek, yeterli destek g\u00f6rmedi\u011fi i\u00e7in zor g\u00fcnler ge\u00e7iriyor.<br \/>\n<br \/>Adem \u00d6zt\u00fcrk taraf\u0131ndan kurulan dernek, \u00f6zellikle b\u00f6lgedeki sava\u015f alanlar\u0131n\u0131n korunmas\u0131 ve tarihinin g\u00fcn y\u00fcz\u00fcne \u00e7\u0131kar\u0131lmas\u0131 konusunda \u00f6nemli rol oynad\u0131. Derne\u011fin \u00e7al\u0131\u015fmalar\u0131yla Boztepe\u2019deki \u015fehit mezarlar\u0131 ve siperler, bir ta\u015f oca\u011f\u0131n\u0131n tehdidinden kurtar\u0131larak koruma alt\u0131na al\u0131nd\u0131. Ayr\u0131ca, b\u00f6lgedeki \u00e7at\u0131\u015fmalar\u0131n daha iyi anla\u015f\u0131lmas\u0131 i\u00e7in y\u00f6nlendirme levhalar\u0131 da yerle\u015ftirildi.<br \/>\n<br \/>Dernek, K\u00fctahya &#8211; Eski\u015fehir Muharebelerinde en kanl\u0131 \u00e7at\u0131\u015fmalar\u0131n ya\u015fand\u0131\u011f\u0131 K\u0131z\u0131k Cephesi\u2019nde \u015fehit d\u00fc\u015fen askerlerin mezarlar\u0131n\u0131n bulunmas\u0131 ve siperlerin korunmas\u0131 i\u00e7in de \u00e7al\u0131\u015fmalar y\u00fcr\u00fct\u00fcyor. Cevizdere \u015eehitleri Gazileri Derne\u011fi, kurulu\u015fundan itibaren arazi ara\u015ft\u0131rmalar\u0131 yaparak ve resmi sava\u015f belgelerini inceleyerek b\u00f6lgenin tarihine \u00f6nemli katk\u0131lar sa\u011flad\u0131.<\/p>\n<p>&#8220;Derne\u011fimize sahip \u00e7\u0131k\u0131lmas\u0131n\u0131 bekliyoruz&#8221;<br \/>\n<br \/>Cevizdere \u015eehitleri Gazileri Derne\u011fi Onursal Ba\u015fkan\u0131 Adem \u00d6zt\u00fcrk, derne\u011fin ya\u015fad\u0131\u011f\u0131 zorluklara dikkat \u00e7ekerek, &#8220;Derne\u011fimiz, Kurtulu\u015f Sava\u015f\u0131\u2019n\u0131n yerel tarihine \u00f6nemli katk\u0131lar sa\u011flam\u0131\u015ft\u0131r. Ancak, yeterli destek g\u00f6rmedi\u011fimiz i\u00e7in faaliyetlerimizi s\u00fcrd\u00fcrmekte zorlan\u0131yoruz. Yetkililerden ve hay\u0131rseverlerden derne\u011fimize sahip \u00e7\u0131kmalar\u0131n\u0131 bekliyoruz&#8221; dedi.<br \/><\/p>\n","protected":false},"excerpt":{"rendered":"<p>K\u00fctahya\u2019n\u0131n Tav\u015fanl\u0131 il\u00e7esinde 2001 y\u0131l\u0131ndan beri faaliyet g\u00f6steren Cevizdere \u015eehitleri Gazileri Derne\u011fi, kapanma tehlikesiyle kar\u015f\u0131 kar\u015f\u0131ya. Kuruldu\u011fu g\u00fcnden bu yana Kurtulu\u015f Sava\u015f\u0131 tarihine \u0131\u015f\u0131k tutan \u00f6nemli \u00e7al\u0131\u015fmalara imza atan dernek, yeterli destek g\u00f6rmedi\u011fi i\u00e7in zor g\u00fcnler ge\u00e7iriyor. Adem \u00d6zt\u00fcrk taraf\u0131ndan kurulan dernek, \u00f6zellikle b\u00f6lgedeki sava\u015f alanlar\u0131n\u0131n korunmas\u0131 ve tarihinin g\u00fcn y\u00fcz\u00fcne \u00e7\u0131kar\u0131lmas\u0131 konusunda \u00f6nemli rol&#8230;<\/p>\n","protected":false},"author":1,"featured_media":11956,"comment_status":"open","ping_status":"open","sticky":false,"template":"","format":"standard","meta":{"_crdt_document":"","footnotes":""},"categories":[123],"tags":[],"class_list":["post-11955","post","type-post","status-publish","format-standard","has-post-thumbnail","hentry","category-gundem"],"_links":{"self":[{"href":"https:\/\/www.egemtv.com\/index.php?rest_route=\/wp\/v2\/posts\/11955","targetHints":{"allow":["GET"]}}],"collection":[{"href":"https:\/\/www.egemtv.com\/index.php?rest_route=\/wp\/v2\/posts"}],"about":[{"href":"https:\/\/www.egemtv.com\/index.php?rest_route=\/wp\/v2\/types\/post"}],"author":[{"embeddable":true,"href":"https:\/\/www.egemtv.com\/index.php?rest_route=\/wp\/v2\/users\/1"}],"replies":[{"embeddable":true,"href":"https:\/\/www.egemtv.com\/index.php?rest_route=%2Fwp%2Fv2%2Fcomments&post=11955"}],"version-history":[{"count":1,"href":"https:\/\/www.egemtv.com\/index.php?rest_route=\/wp\/v2\/posts\/11955\/revisions"}],"predecessor-version":[{"id":11957,"href":"https:\/\/www.egemtv.com\/index.php?rest_route=\/wp\/v2\/posts\/11955\/revisions\/11957"}],"wp:featuredmedia":[{"embeddable":true,"href":"https:\/\/www.egemtv.com\/index.php?rest_route=\/wp\/v2\/media\/11956"}],"wp:attachment":[{"href":"https:\/\/www.egemtv.com\/index.php?rest_route=%2Fwp%2Fv2%2Fmedia&parent=11955"}],"wp:term":[{"taxonomy":"category","embeddable":true,"href":"https:\/\/www.egemtv.com\/index.php?rest_route=%2Fwp%2Fv2%2Fcategories&post=11955"},{"taxonomy":"post_tag","embeddable":true,"href":"https:\/\/www.egemtv.com\/index.php?rest_route=%2Fwp%2Fv2%2Ftags&post=11955"}],"curies":[{"name":"wp","href":"https:\/\/api.w.org\/{rel}","templated":true}]}}