{"id":11952,"date":"2025-01-24T10:49:25","date_gmt":"2025-01-24T07:49:25","guid":{"rendered":"https:\/\/www.egemtv.com\/?p=11952"},"modified":"2025-01-24T10:49:27","modified_gmt":"2025-01-24T07:49:27","slug":"manisa-bbden-colyak-ve-fenilketonuri-hastalarina-buyuk-destek","status":"publish","type":"post","link":"https:\/\/www.egemtv.com\/?p=11952","title":{"rendered":"Manisa BB\u2019den \u00e7\u00f6lyak ve fenilketon\u00fcri hastalar\u0131na b\u00fcy\u00fck destek"},"content":{"rendered":"<p>Manisa B\u00fcy\u00fck\u015fehir Belediyesi, sosyal sorumluluk projelerine bir yenisini ekleyerek, \u00e7\u00f6lyak ve fenilketon\u00fcri hastalar\u0131n\u0131n \u00f6zel beslenme ihtiya\u00e7lar\u0131n\u0131 kar\u015f\u0131lamak ad\u0131na \u00f6nemli bir ad\u0131m at\u0131yor.<br \/>\n<br \/>Belediye, y\u0131l boyunca d\u00fczenli olarak da\u011f\u0131tt\u0131\u011f\u0131 g\u0131da paketleriyle bu hastalar\u0131n hayat\u0131n\u0131 kolayla\u015ft\u0131rmay\u0131 hedefliyor.  G\u0131da paketlerinin i\u00e7eri\u011finde glutensiz un, makarna, tarhana, pi\u015fmaniye gibi \u00e7\u00f6lyak hastalar\u0131na uygun \u00fcr\u00fcnler ve fenilketon\u00fcri hastalar\u0131n\u0131n diyetine uygun malzemeler yer al\u0131yor. Bu kapsamda da\u011f\u0131t\u0131lan \u00fcr\u00fcnlerin, beslenme ihtiya\u00e7lar\u0131n\u0131n kar\u015f\u0131lanmas\u0131nda kritik bir rol oynad\u0131\u011f\u0131n\u0131 belirten vatanda\u015flar, belediyeye te\u015fekk\u00fcr etti.<br \/>\n<br \/>Manisa B\u00fcy\u00fck\u015fehir Belediyesi\u2019nin \u00e7\u00f6lyak ve fenilketon\u00fcri hastalar\u0131, Hastalar, \u00f6zel beslenme ihtiya\u00e7lar\u0131 do\u011frultusunda haz\u0131rlanan bu paketler sayesinde daha sa\u011fl\u0131kl\u0131 ve dengeli beslenebiliyor. Bu proje hem sa\u011fl\u0131k hem de ekonomik a\u00e7\u0131dan hastalara b\u00fcy\u00fck bir destek sa\u011fl\u0131yor. Manisa B\u00fcy\u00fck\u015fehir Belediye Ba\u015fkan\u0131 Ferdi Zeyrek, \u201cManisa\u2019n\u0131n 17 il\u00e7esinde ya\u015fayan \u00e7\u00f6lyak ve fenilketon\u00fcri hastalar\u0131m\u0131za destek olmak amac\u0131yla haz\u0131rlad\u0131\u011f\u0131m\u0131z g\u0131da paketlerini, y\u0131lda d\u00f6rt kez d\u00fczenli olarak ihtiya\u00e7 sahiplerine ula\u015ft\u0131r\u0131yoruz. Hem\u015fehrilerimiz, belediyemizin resmi internet sitesinden sosyal yard\u0131m destek ba\u015fvuru b\u00f6l\u00fcm\u00fcne t\u0131klayarak kolayl\u0131kla ba\u015fvuru yapabilir. Ba\u015fvurular\u0131 de\u011ferlendirilen vatanda\u015flar\u0131m\u0131z\u0131n g\u0131da kolileri, ekiplerimiz taraf\u0131ndan evlerine teslim ediliyor. Bu destekle yaln\u0131zca bireylerin de\u011fil, ailelerin de y\u00fck\u00fcn\u00fc hafifletmeyi hedefliyoruz. Sosyal belediyecilik anlay\u0131\u015f\u0131m\u0131z\u0131 her alanda s\u00fcrd\u00fcrmeye, her alanda yurtta\u015flar\u0131m\u0131z\u0131n yan\u0131nda olmaya kararl\u0131y\u0131z\u201d dedi.<br \/><\/p>\n","protected":false},"excerpt":{"rendered":"<p>Manisa B\u00fcy\u00fck\u015fehir Belediyesi, sosyal sorumluluk projelerine bir yenisini ekleyerek, \u00e7\u00f6lyak ve fenilketon\u00fcri hastalar\u0131n\u0131n \u00f6zel beslenme ihtiya\u00e7lar\u0131n\u0131 kar\u015f\u0131lamak ad\u0131na \u00f6nemli bir ad\u0131m at\u0131yor. Belediye, y\u0131l boyunca d\u00fczenli olarak da\u011f\u0131tt\u0131\u011f\u0131 g\u0131da paketleriyle bu hastalar\u0131n hayat\u0131n\u0131 kolayla\u015ft\u0131rmay\u0131 hedefliyor. G\u0131da paketlerinin i\u00e7eri\u011finde glutensiz un, makarna, tarhana, pi\u015fmaniye gibi \u00e7\u00f6lyak hastalar\u0131na uygun \u00fcr\u00fcnler ve fenilketon\u00fcri hastalar\u0131n\u0131n diyetine uygun malzemeler yer&#8230;<\/p>\n","protected":false},"author":1,"featured_media":11953,"comment_status":"open","ping_status":"open","sticky":false,"template":"","format":"standard","meta":{"_crdt_document":"","footnotes":""},"categories":[2],"tags":[],"class_list":["post-11952","post","type-post","status-publish","format-standard","has-post-thumbnail","hentry","category-saglik"],"_links":{"self":[{"href":"https:\/\/www.egemtv.com\/index.php?rest_route=\/wp\/v2\/posts\/11952","targetHints":{"allow":["GET"]}}],"collection":[{"href":"https:\/\/www.egemtv.com\/index.php?rest_route=\/wp\/v2\/posts"}],"about":[{"href":"https:\/\/www.egemtv.com\/index.php?rest_route=\/wp\/v2\/types\/post"}],"author":[{"embeddable":true,"href":"https:\/\/www.egemtv.com\/index.php?rest_route=\/wp\/v2\/users\/1"}],"replies":[{"embeddable":true,"href":"https:\/\/www.egemtv.com\/index.php?rest_route=%2Fwp%2Fv2%2Fcomments&post=11952"}],"version-history":[{"count":1,"href":"https:\/\/www.egemtv.com\/index.php?rest_route=\/wp\/v2\/posts\/11952\/revisions"}],"predecessor-version":[{"id":11954,"href":"https:\/\/www.egemtv.com\/index.php?rest_route=\/wp\/v2\/posts\/11952\/revisions\/11954"}],"wp:featuredmedia":[{"embeddable":true,"href":"https:\/\/www.egemtv.com\/index.php?rest_route=\/wp\/v2\/media\/11953"}],"wp:attachment":[{"href":"https:\/\/www.egemtv.com\/index.php?rest_route=%2Fwp%2Fv2%2Fmedia&parent=11952"}],"wp:term":[{"taxonomy":"category","embeddable":true,"href":"https:\/\/www.egemtv.com\/index.php?rest_route=%2Fwp%2Fv2%2Fcategories&post=11952"},{"taxonomy":"post_tag","embeddable":true,"href":"https:\/\/www.egemtv.com\/index.php?rest_route=%2Fwp%2Fv2%2Ftags&post=11952"}],"curies":[{"name":"wp","href":"https:\/\/api.w.org\/{rel}","templated":true}]}}