{"id":11949,"date":"2025-01-24T10:49:23","date_gmt":"2025-01-24T07:49:23","guid":{"rendered":"https:\/\/www.egemtv.com\/?p=11949"},"modified":"2025-01-24T10:49:25","modified_gmt":"2025-01-24T07:49:25","slug":"kutahyali-bm-buyukelcisi-yunus-altingemi-turkiye-ile-dunya-arasinda-kopru-oluyoruz","status":"publish","type":"post","link":"https:\/\/www.egemtv.com\/?p=11949","title":{"rendered":"K\u00fctahyal\u0131 BM B\u00fcy\u00fckel\u00e7isi Yunus Alt\u0131ngemi: \u201cT\u00fcrkiye ile d\u00fcnya aras\u0131nda k\u00f6pr\u00fc oluyoruz\u201d"},"content":{"rendered":"<p>Birle\u015fmi\u015f Milletler B\u00fcy\u00fckel\u00e7isi Dr. Yunus Alt\u0131ngemi, uluslararas\u0131 platformda T\u00fcrkiye\u2019yi ba\u015far\u0131yla temsil etmeye devam ediyor. K\u00fctahya\u2019n\u0131n Gediz il\u00e7esinde do\u011fan Alt\u0131ngemi, e\u011fitimden i\u015f d\u00fcnyas\u0131na, diplomasiden yerel y\u00f6netime kadar bir\u00e7ok alanda aktif roller \u00fcstlenerek dikkat \u00e7ekiyor.<br \/>\n<br \/>Dr. Alt\u0131ngemi, T\u00fcrkiye\u2019nin ekonomik, sosyal ve k\u00fclt\u00fcrel geli\u015fimine katk\u0131 sa\u011flamak amac\u0131yla \u00e7al\u0131\u015ft\u0131klar\u0131n\u0131 belirtti. Yapt\u0131\u011f\u0131 a\u00e7\u0131klamada uluslararas\u0131 i\u015fbirli\u011finin \u00f6nemine vurgu yapan Alt\u0131ngemi, \u201c\u00dclkemiz ve d\u00fcnya ad\u0131na \u00e7ok \u00e7al\u0131\u015f\u0131yoruz. Ekonomik, sosyal, k\u00fclt\u00fcrel ve insani sorunlar\u0131n \u00e7\u00f6z\u00fcm\u00fcnde uluslararas\u0131 i\u015fbirli\u011fi ile hareket ediyoruz. Irk, cinsiyet, dil veya din ayr\u0131m\u0131 g\u00f6zetmeden insan haklar\u0131n\u0131n geli\u015ftirilmesi ve temel \u00f6zg\u00fcrl\u00fcklerin g\u00fc\u00e7lendirilmesi i\u00e7in \u00e7abal\u0131yoruz. T\u00fcrk i\u015f insanlar\u0131n\u0131n d\u00fcnyada daha aktif bir \u015fekilde temsil edilmesi ad\u0131na g\u00fc\u00e7l\u00fc lobilerde g\u00f6rev al\u0131yoruz. Bizler, T\u00fcrkiye ile d\u00fcnya aras\u0131nda bir k\u00f6pr\u00fc g\u00f6revindeyiz\u201d dedi.<br \/>\n<br \/>Dr. Yunus Alt\u0131ngemi\u2019nin a\u00e7\u0131klamalar\u0131, T\u00fcrkiye\u2019nin uluslararas\u0131 arenada hem ekonomik hem de diplomatik anlamda etkin bir akt\u00f6r olma yolunda att\u0131\u011f\u0131 ad\u0131mlar\u0131 bir kez daha g\u00f6zler \u00f6n\u00fcne seriyor.<br \/><\/p>\n","protected":false},"excerpt":{"rendered":"<p>Birle\u015fmi\u015f Milletler B\u00fcy\u00fckel\u00e7isi Dr. Yunus Alt\u0131ngemi, uluslararas\u0131 platformda T\u00fcrkiye\u2019yi ba\u015far\u0131yla temsil etmeye devam ediyor. K\u00fctahya\u2019n\u0131n Gediz il\u00e7esinde do\u011fan Alt\u0131ngemi, e\u011fitimden i\u015f d\u00fcnyas\u0131na, diplomasiden yerel y\u00f6netime kadar bir\u00e7ok alanda aktif roller \u00fcstlenerek dikkat \u00e7ekiyor. Dr. Alt\u0131ngemi, T\u00fcrkiye\u2019nin ekonomik, sosyal ve k\u00fclt\u00fcrel geli\u015fimine katk\u0131 sa\u011flamak amac\u0131yla \u00e7al\u0131\u015ft\u0131klar\u0131n\u0131 belirtti. Yapt\u0131\u011f\u0131 a\u00e7\u0131klamada uluslararas\u0131 i\u015fbirli\u011finin \u00f6nemine vurgu yapan Alt\u0131ngemi, \u201c\u00dclkemiz&#8230;<\/p>\n","protected":false},"author":1,"featured_media":11950,"comment_status":"open","ping_status":"open","sticky":false,"template":"","format":"standard","meta":{"_crdt_document":"","footnotes":""},"categories":[123],"tags":[],"class_list":["post-11949","post","type-post","status-publish","format-standard","has-post-thumbnail","hentry","category-gundem"],"_links":{"self":[{"href":"https:\/\/www.egemtv.com\/index.php?rest_route=\/wp\/v2\/posts\/11949","targetHints":{"allow":["GET"]}}],"collection":[{"href":"https:\/\/www.egemtv.com\/index.php?rest_route=\/wp\/v2\/posts"}],"about":[{"href":"https:\/\/www.egemtv.com\/index.php?rest_route=\/wp\/v2\/types\/post"}],"author":[{"embeddable":true,"href":"https:\/\/www.egemtv.com\/index.php?rest_route=\/wp\/v2\/users\/1"}],"replies":[{"embeddable":true,"href":"https:\/\/www.egemtv.com\/index.php?rest_route=%2Fwp%2Fv2%2Fcomments&post=11949"}],"version-history":[{"count":1,"href":"https:\/\/www.egemtv.com\/index.php?rest_route=\/wp\/v2\/posts\/11949\/revisions"}],"predecessor-version":[{"id":11951,"href":"https:\/\/www.egemtv.com\/index.php?rest_route=\/wp\/v2\/posts\/11949\/revisions\/11951"}],"wp:featuredmedia":[{"embeddable":true,"href":"https:\/\/www.egemtv.com\/index.php?rest_route=\/wp\/v2\/media\/11950"}],"wp:attachment":[{"href":"https:\/\/www.egemtv.com\/index.php?rest_route=%2Fwp%2Fv2%2Fmedia&parent=11949"}],"wp:term":[{"taxonomy":"category","embeddable":true,"href":"https:\/\/www.egemtv.com\/index.php?rest_route=%2Fwp%2Fv2%2Fcategories&post=11949"},{"taxonomy":"post_tag","embeddable":true,"href":"https:\/\/www.egemtv.com\/index.php?rest_route=%2Fwp%2Fv2%2Ftags&post=11949"}],"curies":[{"name":"wp","href":"https:\/\/api.w.org\/{rel}","templated":true}]}}