{"id":11943,"date":"2025-01-24T10:45:04","date_gmt":"2025-01-24T07:45:04","guid":{"rendered":"https:\/\/www.egemtv.com\/?p=11943"},"modified":"2025-01-24T10:45:06","modified_gmt":"2025-01-24T07:45:06","slug":"gedizin-isgucu-istatistikleri-aciklandi","status":"publish","type":"post","link":"https:\/\/www.egemtv.com\/?p=11943","title":{"rendered":"Gediz\u2019in i\u015fg\u00fcc\u00fc istatistikleri a\u00e7\u0131kland\u0131"},"content":{"rendered":"<p>Gediz Ticaret ve Sanayi Odas\u0131 (TSO), 2024 y\u0131l\u0131na ili\u015fkin i\u015f\u00e7i ve i\u015fveren istatistiklerini kamuoyuna duyurdu.<br \/>\n<br \/>Veriler, il\u00e7enin i\u015fg\u00fcc\u00fc piyasas\u0131n\u0131n genel durumunu ortaya koyarken, b\u00f6lgedeki ekonomik dinamizme de dikkat \u00e7ekti.<br \/>\n<br \/>A\u00e7\u0131klamaya g\u00f6re, Gediz\u2019de toplam 990 aktif i\u015fyeri bulunuyor. Bu i\u015fyerlerinden 34\u2019\u00fc resmi, 956\u2019s\u0131 ise \u00f6zel sekt\u00f6rde faaliyet g\u00f6steriyor. Resmi i\u015fyerlerinde toplam bin 608 ki\u015fi \u00e7al\u0131\u015f\u0131yor. \u00d6zel sekt\u00f6rde ise bin 502 kad\u0131n ve 4 bin 25 erkek olmak \u00fczere toplamda 5 bin 527 ki\u015fi istihdam ediliyor.<br \/>\n<br \/>Gediz TSO Ba\u015fkan\u0131 Vedat \u00d6zt\u00fcrk, a\u00e7\u0131klanan verilerin Gediz ekonomisinin canl\u0131l\u0131\u011f\u0131n\u0131 ve \u00f6zel sekt\u00f6r\u00fcn b\u00f6lgede ne kadar aktif oldu\u011funu g\u00f6sterdi\u011fini ifade etti. Ba\u015fkan \u00d6zt\u00fcrk, \u201c\u00d6zellikle \u00f6zel sekt\u00f6rdeki istihdam\u0131n y\u00fcksek olmas\u0131, Gedizli giri\u015fimcilerin ba\u015far\u0131s\u0131n\u0131 g\u00f6zler \u00f6n\u00fcne seriyor. Gediz TSO olarak, istihdam\u0131 art\u0131rmak ve ekonomik b\u00fcy\u00fcmeyi desteklemek i\u00e7in \u00e7al\u0131\u015fmalar\u0131m\u0131za aral\u0131ks\u0131z devam edece\u011fiz. Bu veriler, hangi sekt\u00f6rlerde daha fazla istihdam olu\u015fturabilece\u011fimizi ve hangi alanlara \u00f6ncelik vermemiz gerekti\u011fini anlamam\u0131za yard\u0131mc\u0131 oluyor. Hedefimiz, Gediz\u2019i daha g\u00fc\u00e7l\u00fc bir ekonomik yap\u0131ya kavu\u015fturmak ve refah seviyesini art\u0131rmakt\u0131r\u201d dedi.<br \/><\/p>\n","protected":false},"excerpt":{"rendered":"<p>Gediz Ticaret ve Sanayi Odas\u0131 (TSO), 2024 y\u0131l\u0131na ili\u015fkin i\u015f\u00e7i ve i\u015fveren istatistiklerini kamuoyuna duyurdu. Veriler, il\u00e7enin i\u015fg\u00fcc\u00fc piyasas\u0131n\u0131n genel durumunu ortaya koyarken, b\u00f6lgedeki ekonomik dinamizme de dikkat \u00e7ekti. A\u00e7\u0131klamaya g\u00f6re, Gediz\u2019de toplam 990 aktif i\u015fyeri bulunuyor. Bu i\u015fyerlerinden 34\u2019\u00fc resmi, 956\u2019s\u0131 ise \u00f6zel sekt\u00f6rde faaliyet g\u00f6steriyor. Resmi i\u015fyerlerinde toplam bin 608 ki\u015fi \u00e7al\u0131\u015f\u0131yor. \u00d6zel&#8230;<\/p>\n","protected":false},"author":1,"featured_media":11944,"comment_status":"open","ping_status":"open","sticky":false,"template":"","format":"standard","meta":{"_crdt_document":"","footnotes":""},"categories":[125],"tags":[],"class_list":["post-11943","post","type-post","status-publish","format-standard","has-post-thumbnail","hentry","category-ekonomi"],"_links":{"self":[{"href":"https:\/\/www.egemtv.com\/index.php?rest_route=\/wp\/v2\/posts\/11943","targetHints":{"allow":["GET"]}}],"collection":[{"href":"https:\/\/www.egemtv.com\/index.php?rest_route=\/wp\/v2\/posts"}],"about":[{"href":"https:\/\/www.egemtv.com\/index.php?rest_route=\/wp\/v2\/types\/post"}],"author":[{"embeddable":true,"href":"https:\/\/www.egemtv.com\/index.php?rest_route=\/wp\/v2\/users\/1"}],"replies":[{"embeddable":true,"href":"https:\/\/www.egemtv.com\/index.php?rest_route=%2Fwp%2Fv2%2Fcomments&post=11943"}],"version-history":[{"count":1,"href":"https:\/\/www.egemtv.com\/index.php?rest_route=\/wp\/v2\/posts\/11943\/revisions"}],"predecessor-version":[{"id":11945,"href":"https:\/\/www.egemtv.com\/index.php?rest_route=\/wp\/v2\/posts\/11943\/revisions\/11945"}],"wp:featuredmedia":[{"embeddable":true,"href":"https:\/\/www.egemtv.com\/index.php?rest_route=\/wp\/v2\/media\/11944"}],"wp:attachment":[{"href":"https:\/\/www.egemtv.com\/index.php?rest_route=%2Fwp%2Fv2%2Fmedia&parent=11943"}],"wp:term":[{"taxonomy":"category","embeddable":true,"href":"https:\/\/www.egemtv.com\/index.php?rest_route=%2Fwp%2Fv2%2Fcategories&post=11943"},{"taxonomy":"post_tag","embeddable":true,"href":"https:\/\/www.egemtv.com\/index.php?rest_route=%2Fwp%2Fv2%2Ftags&post=11943"}],"curies":[{"name":"wp","href":"https:\/\/api.w.org\/{rel}","templated":true}]}}