{"id":11940,"date":"2025-01-24T10:29:07","date_gmt":"2025-01-24T07:29:07","guid":{"rendered":"https:\/\/www.egemtv.com\/?p=11940"},"modified":"2025-01-24T10:29:09","modified_gmt":"2025-01-24T07:29:09","slug":"baskan-gencay-daha-guzel-bir-didim-icin-calisiyoruz","status":"publish","type":"post","link":"https:\/\/www.egemtv.com\/?p=11940","title":{"rendered":"Ba\u015fkan Gen\u00e7ay: \u201cDaha g\u00fczel bir Didim i\u00e7in \u00e7al\u0131\u015f\u0131yoruz\u201d"},"content":{"rendered":"<p>Didim Belediye Ba\u015fkan\u0131 Hatice Gen\u00e7ay, kentin en b\u00fcy\u00fck mahallelerinden birisi olan Efeler Mahallesi\u2019nde devam eden yol \u00e7al\u0131\u015fmalar\u0131n\u0131 yerinde inceledi.<\/p>\n<p>Didim Belediyesi, vatanda\u015flar\u0131n daha g\u00fcvenli ve konforlu bir ula\u015f\u0131m a\u011f\u0131na sahip olabilmesi i\u00e7in \u00e7al\u0131\u015fmalar\u0131n\u0131 s\u00fcrd\u00fcrmeye devam ediyor. Kentin en b\u00fcy\u00fck mahallelerinden birisi olan Efeler Mahallesi\u2019nde vatanda\u015flar\u0131n talepleri \u00fczerine 1619 Sokak\u2019ta ba\u015flat\u0131lan yol yap\u0131m \u00e7al\u0131\u015fmalar\u0131n\u0131 yerinde inceleyen Didim Belediye Ba\u015fkan\u0131 Hatice Gen\u00e7ay, \u00e7al\u0131\u015fmalar hakk\u0131nda birim amirlerinden bilgi ald\u0131.<\/p>\n<p>\u00c7al\u0131\u015fmalar\u0131 Didim Belediyesi\u2019nin \u00fcretmi\u015f oldu\u011fu beton ve parke ta\u015flar\u0131 ile yapt\u0131klar\u0131n\u0131 belirten Ba\u015fkan Gen\u00e7ay, \u201cH\u0131zla b\u00fcy\u00fcyen Efeler Mahallemizde, yap\u0131m\u0131na ba\u015flad\u0131\u011f\u0131m\u0131z 1619 Sokak\u2019taki \u00e7al\u0131\u015fmalar\u0131 yerinde incelemek ve hem\u015fehrilerimin taleplerini dinlemek \u00fczere ziyaret ger\u00e7ekle\u015ftirdik. Daha g\u00fczel bir Didim i\u00e7in bir s\u00f6z verdik, tutmaya devam ediyoruz. Kentimizi sokak sokak geziyor, eksikleri tespit edip \u00e7\u00f6z\u00fcme kavu\u015fturuyoruz\u201d dedi.<br \/><\/p>\n","protected":false},"excerpt":{"rendered":"<p>Didim Belediye Ba\u015fkan\u0131 Hatice Gen\u00e7ay, kentin en b\u00fcy\u00fck mahallelerinden birisi olan Efeler Mahallesi\u2019nde devam eden yol \u00e7al\u0131\u015fmalar\u0131n\u0131 yerinde inceledi. Didim Belediyesi, vatanda\u015flar\u0131n daha g\u00fcvenli ve konforlu bir ula\u015f\u0131m a\u011f\u0131na sahip olabilmesi i\u00e7in \u00e7al\u0131\u015fmalar\u0131n\u0131 s\u00fcrd\u00fcrmeye devam ediyor. Kentin en b\u00fcy\u00fck mahallelerinden birisi olan Efeler Mahallesi\u2019nde vatanda\u015flar\u0131n talepleri \u00fczerine 1619 Sokak\u2019ta ba\u015flat\u0131lan yol yap\u0131m \u00e7al\u0131\u015fmalar\u0131n\u0131 yerinde inceleyen&#8230;<\/p>\n","protected":false},"author":1,"featured_media":11941,"comment_status":"open","ping_status":"open","sticky":false,"template":"","format":"standard","meta":{"_crdt_document":"","footnotes":""},"categories":[1],"tags":[],"class_list":["post-11940","post","type-post","status-publish","format-standard","has-post-thumbnail","hentry","category-guncel"],"_links":{"self":[{"href":"https:\/\/www.egemtv.com\/index.php?rest_route=\/wp\/v2\/posts\/11940","targetHints":{"allow":["GET"]}}],"collection":[{"href":"https:\/\/www.egemtv.com\/index.php?rest_route=\/wp\/v2\/posts"}],"about":[{"href":"https:\/\/www.egemtv.com\/index.php?rest_route=\/wp\/v2\/types\/post"}],"author":[{"embeddable":true,"href":"https:\/\/www.egemtv.com\/index.php?rest_route=\/wp\/v2\/users\/1"}],"replies":[{"embeddable":true,"href":"https:\/\/www.egemtv.com\/index.php?rest_route=%2Fwp%2Fv2%2Fcomments&post=11940"}],"version-history":[{"count":1,"href":"https:\/\/www.egemtv.com\/index.php?rest_route=\/wp\/v2\/posts\/11940\/revisions"}],"predecessor-version":[{"id":11942,"href":"https:\/\/www.egemtv.com\/index.php?rest_route=\/wp\/v2\/posts\/11940\/revisions\/11942"}],"wp:featuredmedia":[{"embeddable":true,"href":"https:\/\/www.egemtv.com\/index.php?rest_route=\/wp\/v2\/media\/11941"}],"wp:attachment":[{"href":"https:\/\/www.egemtv.com\/index.php?rest_route=%2Fwp%2Fv2%2Fmedia&parent=11940"}],"wp:term":[{"taxonomy":"category","embeddable":true,"href":"https:\/\/www.egemtv.com\/index.php?rest_route=%2Fwp%2Fv2%2Fcategories&post=11940"},{"taxonomy":"post_tag","embeddable":true,"href":"https:\/\/www.egemtv.com\/index.php?rest_route=%2Fwp%2Fv2%2Ftags&post=11940"}],"curies":[{"name":"wp","href":"https:\/\/api.w.org\/{rel}","templated":true}]}}