{"id":11937,"date":"2025-01-24T10:23:41","date_gmt":"2025-01-24T07:23:41","guid":{"rendered":"https:\/\/www.egemtv.com\/?p=11937"},"modified":"2025-01-24T10:23:43","modified_gmt":"2025-01-24T07:23:43","slug":"denizli-idmanyurdu-kritik-macta-sandikli-ile-karsilasacak","status":"publish","type":"post","link":"https:\/\/www.egemtv.com\/?p=11937","title":{"rendered":"Denizli \u0130dmanyurdu, kritik ma\u00e7ta Sand\u0131kl\u0131 ile kar\u015f\u0131la\u015facak"},"content":{"rendered":"<p>TFF B\u00f6lgesel Amat\u00f6r Lig 7. Grup lideri Denizli \u0130dmanyurdu, ligin 17. haftas\u0131nda oynayaca\u011f\u0131 Sand\u0131kl\u0131spor ma\u00e7\u0131 haz\u0131rl\u0131klar\u0131n\u0131 hafta boyu yapt\u0131\u011f\u0131 \u00e7al\u0131\u015fmalarla s\u00fcrd\u00fcrd\u00fc.<\/p>\n<p>TFF B\u00f6lgesel Amat\u00f6r Lig 7. Grup\u2019ta 16. hafta itibariyle 11 galibiyet, 2 beraberlik, 2 yenilgi alarak 35 puanla liderli\u011fini s\u00fcrd\u00fcren Denizli \u0130dmanyurdu\u2019nda g\u00f6zler 17. haftada oynanacak olan Sand\u0131kl\u0131 ma\u00e7\u0131na \u00e7evrildi.<br \/>\n<br \/>Sand\u0131kl\u0131spor ma\u00e7\u0131 haz\u0131rl\u0131klar\u0131n\u0131 hafta boyu yapt\u0131\u011f\u0131 antrenmanlarla s\u00fcrd\u00fcren Denizli temsilcisinde tek hedef 3 puan. Ba\u015fkarc\u0131 \u015eehit Sami Stad\u0131\u2019nda yap\u0131lan ve yakla\u015f\u0131k 2 saat s\u00fcren son antrenmanda futbolcular\u0131n istekli ve moralli olduklar\u0131 g\u00f6r\u00fcld\u00fc. Antrenman\u0131 izleyen ve ayn\u0131 zamanda teknik ekip ile g\u00f6r\u00fc\u015f al\u0131\u015fveri\u015finde bulunan Kul\u00fcp Ba\u015fkan\u0131 \u0130brahim G\u00fcrel ma\u00e7 \u00f6ncesi yapt\u0131\u011f\u0131 konu\u015fmada futbolculara ba\u015far\u0131lar diledi.<\/p>\n<p>G\u00f6khan Kaynak: \u201cBal\u00e7ova kar\u015f\u0131s\u0131nda daha iyi olabilirdik\u201d<br \/>\n<br \/>Bal\u00e7ovaspor ve Sand\u0131kl\u0131spor ma\u00e7\u0131n\u0131 de\u011ferlendiren Teknik Sorumlu G\u00f6khan Kaynak, iyi bir devre aras\u0131 ge\u00e7irdiklerini belirterek \u201c\u0130kinci yar\u0131n\u0131n ilk ma\u00e7\u0131yd\u0131. \u0130lk ma\u00e7lar her zaman zor olur. \u0130yi bir kamp d\u00f6nemi ge\u00e7irdikten sonra a\u00e7\u0131k\u00e7as\u0131 kendimizi daha iyi bekliyorduk. Ma\u00e7\u0131n i\u00e7erisinde ilk yar\u0131 istedi\u011fimiz gibi oynayamasak ta ka\u00e7\u0131rd\u0131\u011f\u0131m\u0131z bir\u00e7ok gol pozisyonu vard\u0131. Devre aras\u0131na 0-0 girmek benim a\u00e7\u0131mdan beklenmedik oldu. Ama rakibe de sayg\u0131 duymak gerekiyor onlar da m\u00fccadele ediyor\u201d dedi.<\/p>\n<p>\u201cHakemlerimiz daha dikkatli olmal\u0131\u201d<br \/>\n<br \/>Rakip Bal\u00e7ova\u2019n\u0131n da elinden geldi\u011fi kadar m\u00fccadele etti\u011fine dikkat \u00e7eken Kaynak, &#8220;Bal\u00e7ova tak\u0131m\u0131n\u0131n da kendilerine g\u00f6re hesaplamalar\u0131, planlamalar\u0131 var. Ma\u00e7a tek topla ba\u015flad\u0131k. Bence bu konuda hakemlerin de dikkatli olmas\u0131 gerekiyordu. Sahada sadece ma\u00e7\u0131 oynad\u0131\u011f\u0131m\u0131z top vard\u0131. Bizim ikazlar\u0131m\u0131zdan sonra de\u011fi\u015fiklik oldu. Sahada top toplay\u0131c\u0131 yoktu. \u00d6yle bir ortama gittik ki tamamen bizim puan kaybetmemizi sa\u011flayacak bir ortama gitti\u011fimizi anlam\u0131\u015f olduk. Bu durum hi\u00e7 etik de\u011fildi. En az\u0131ndan hakem arkada\u015flar\u0131m\u0131z biraz daha dikkatli olabilirlerdi. Ma\u00e7\u0131n 1. dakikas\u0131nda ba\u015flayan zaman ge\u00e7irme, oyunu so\u011futma son dakikaya kadar devam etti. Hakemlerimiz bu olaylara prim verdiler. Sahaya sedye gelmesine ra\u011fmen oyuncu ayakta d\u0131\u015far\u0131 \u00e7\u0131kt\u0131. Bir\u00e7ok zaman ge\u00e7irme hareketleriyle ilk yar\u0131 hakem arkada\u015flar ma\u00e7\u0131 3 dakika uzatt\u0131lar. Biz de ister istemez tepki g\u00f6sterdik. Tepkiyle beraber ikinci yar\u0131 farkl\u0131 uzatma dakikas\u0131 g\u00f6sterseler de ma\u00e7\u0131n genelinde verdi\u011fi kararlar k\u00f6t\u00fcyd\u00fc. \u0130yi niyetli olabilirler ama hakemlik becerileriyle alakal\u0131 ciddi sorunlar\u0131 vard\u0131. \u00d6zellikle bu ligde bunu fazlas\u0131yla hissedebiliyoruz. Dolay\u0131s\u0131yla iyi niyetli olmaya \u00e7al\u0131\u015ft\u0131klar\u0131na inanmaya \u00e7al\u0131\u015f\u0131yoruz\u201d diye konu\u015ftu.<\/p>\n<p>\u201cMa\u00e7ta \u00e7ok gol ka\u00e7\u0131rd\u0131k\u201d<br \/>\n<br \/>Ma\u00e7\u0131n ikinci yar\u0131s\u0131nda 60. dakikaya kadar bir \u00e7ok pozisyonu ka\u00e7\u0131rd\u0131klar\u0131n\u0131 belirten Kaynak, &#8220;Yapt\u0131\u011f\u0131m\u0131z hamlelerle oyunu biraz daha rakip sahada tuttuk. Bizim zaten oyun plan\u0131m\u0131z\u0131n bir tanesi de budur. Bununla birlikte kalabal\u0131k alan ve adam savunmas\u0131. Ma\u00e7\u0131n son 20 dakikas\u0131nda zaten Bal\u00e7ova tak\u0131m\u0131 6-4 gibi bir tak\u0131m d\u00fczeni ald\u0131. Yine buna ra\u011fmen kenardan bek oyuncular\u0131m\u0131zla getirdi\u011fimiz toplarda ataklar\u0131m\u0131z vard\u0131. Bunlar\u0131 de\u011ferlendiremedik hakem arkada\u015f biz tepki g\u00f6sterince ikinci yar\u0131ya 9 dakika uzatma s\u00fcresi ekledi. Ma\u00e7\u0131n sonuna kadar oyunu, m\u00fccadeleyi b\u0131rakmayan bir oyuncu grubumuz vard\u0131. Uzatmalar\u0131n 8. dakikas\u0131nda frikikten buldu\u011fumuz golle ma\u00e7\u0131 1-0 bitirmesini bildik. Bundan sonra \u00f6nemli olan 3 puan. Hi\u00e7bir ma\u00e7\u0131m\u0131z kolay olmayacak her ma\u00e7\u0131n kendine \u00f6zel hikayesi oluyor. Bal\u00e7ova ma\u00e7\u0131n\u0131n da b\u00f6yle bir hikayesi oldu. \u00c7\u0131karmam\u0131z gereken dersler var, bunu biliyoruz. \u00c7\u00fcnk\u00fc de\u011ferlendiremedi\u011fimiz bir\u00e7ok net pozisyonlar\u0131m\u0131z vard\u0131. Oyun g\u00fcc\u00fcm\u00fcz iyi bir seviyede. Oyun g\u00fc\u00e7lerinin bize yetmeyece\u011fini bildikleri i\u00e7in kapan\u0131p hatam\u0131z\u0131 kovalayacaklar. Bizde buna g\u00f6re stratejiler, planlar geli\u015ftiriyoruz. Bundan sonraki ma\u00e7larda golleri erken bulup rahat oynamak istiyoruz. \u00d6nemli olan ma\u00e7\u0131 kazanabilmek her zaman s\u00f6ylerim; 1-0 olsun bizim olsun\u201d ifadelerini kulland\u0131.<\/p>\n<p>\u201cHer ma\u00e7\u0131 kazanmak istiyoruz\u201d<br \/>\n<br \/>Ligin 17. haftas\u0131nda Sand\u0131kl\u0131spor ile kar\u015f\u0131la\u015facaklar\u0131n\u0131 s\u00f6yleyen Kaynak, konu\u015fmas\u0131n\u0131 \u015f\u00f6yle tamamlad\u0131:<br \/>\n<br \/>\u201cSand\u0131kl\u0131spor devrenin ilk yar\u0131s\u0131nda deplasmanda 1 puan ald\u0131\u011f\u0131m\u0131z tak\u0131m. O ma\u00e7ta da yine bir\u00e7ok gol pozisyonunu de\u011ferlendirememi\u015ftik. Sonucunda berabere kald\u0131\u011f\u0131m\u0131z bir tak\u0131m. Onlar\u0131nda devre aras\u0131nda tak\u0131mdan ayr\u0131lan, takviye olarak kadroya katt\u0131klar\u0131 oyuncular\u0131 oldu. Biz kendi seyircimizin \u00f6n\u00fcnde oynayaca\u011f\u0131z. Kazanmaktan ba\u015fka \u00e7aremiz yok. B\u00fct\u00fcn \u00e7al\u0131\u015fmalar\u0131m\u0131z kazanmak \u00fczerine. Zaten b\u00fct\u00fcn antrenmanlar\u0131m\u0131z\u0131 her ma\u00e7\u0131 kazanmak \u00fczerine yap\u0131yoruz. \u0130ster ma\u00e7\u0131n ilk yar\u0131s\u0131 ister ma\u00e7\u0131n ikinci yar\u0131s\u0131 gol\u00fc atal\u0131m. Ama g\u00f6n\u00fcl ister ki ma\u00e7\u0131 erken koparal\u0131m. Bunu da yapacak g\u00fcc\u00fcm\u00fcz var m\u0131? Var ama bir\u00e7ok pozisyona girip de\u011ferlendiremedi\u011finiz zaman ister istemez bu tarz \u015feyleri ya\u015f\u0131yorsunuz. Bu hafta \u00f6yle bir hafta olmamas\u0131 dile\u011fiyle, ma\u00e7\u0131 kazanan taraf in\u015fallah biz oluruz\u201d diyerek s\u00f6zlerini tamamlad\u0131.<br \/><\/p>\n","protected":false},"excerpt":{"rendered":"<p>TFF B\u00f6lgesel Amat\u00f6r Lig 7. Grup lideri Denizli \u0130dmanyurdu, ligin 17. haftas\u0131nda oynayaca\u011f\u0131 Sand\u0131kl\u0131spor ma\u00e7\u0131 haz\u0131rl\u0131klar\u0131n\u0131 hafta boyu yapt\u0131\u011f\u0131 \u00e7al\u0131\u015fmalarla s\u00fcrd\u00fcrd\u00fc. TFF B\u00f6lgesel Amat\u00f6r Lig 7. Grup\u2019ta 16. hafta itibariyle 11 galibiyet, 2 beraberlik, 2 yenilgi alarak 35 puanla liderli\u011fini s\u00fcrd\u00fcren Denizli \u0130dmanyurdu\u2019nda g\u00f6zler 17. haftada oynanacak olan Sand\u0131kl\u0131 ma\u00e7\u0131na \u00e7evrildi. Sand\u0131kl\u0131spor ma\u00e7\u0131 haz\u0131rl\u0131klar\u0131n\u0131 hafta&#8230;<\/p>\n","protected":false},"author":1,"featured_media":11938,"comment_status":"open","ping_status":"open","sticky":false,"template":"","format":"standard","meta":{"_crdt_document":"","footnotes":""},"categories":[4],"tags":[],"class_list":["post-11937","post","type-post","status-publish","format-standard","has-post-thumbnail","hentry","category-spor"],"_links":{"self":[{"href":"https:\/\/www.egemtv.com\/index.php?rest_route=\/wp\/v2\/posts\/11937","targetHints":{"allow":["GET"]}}],"collection":[{"href":"https:\/\/www.egemtv.com\/index.php?rest_route=\/wp\/v2\/posts"}],"about":[{"href":"https:\/\/www.egemtv.com\/index.php?rest_route=\/wp\/v2\/types\/post"}],"author":[{"embeddable":true,"href":"https:\/\/www.egemtv.com\/index.php?rest_route=\/wp\/v2\/users\/1"}],"replies":[{"embeddable":true,"href":"https:\/\/www.egemtv.com\/index.php?rest_route=%2Fwp%2Fv2%2Fcomments&post=11937"}],"version-history":[{"count":1,"href":"https:\/\/www.egemtv.com\/index.php?rest_route=\/wp\/v2\/posts\/11937\/revisions"}],"predecessor-version":[{"id":11939,"href":"https:\/\/www.egemtv.com\/index.php?rest_route=\/wp\/v2\/posts\/11937\/revisions\/11939"}],"wp:featuredmedia":[{"embeddable":true,"href":"https:\/\/www.egemtv.com\/index.php?rest_route=\/wp\/v2\/media\/11938"}],"wp:attachment":[{"href":"https:\/\/www.egemtv.com\/index.php?rest_route=%2Fwp%2Fv2%2Fmedia&parent=11937"}],"wp:term":[{"taxonomy":"category","embeddable":true,"href":"https:\/\/www.egemtv.com\/index.php?rest_route=%2Fwp%2Fv2%2Fcategories&post=11937"},{"taxonomy":"post_tag","embeddable":true,"href":"https:\/\/www.egemtv.com\/index.php?rest_route=%2Fwp%2Fv2%2Ftags&post=11937"}],"curies":[{"name":"wp","href":"https:\/\/api.w.org\/{rel}","templated":true}]}}