{"id":11934,"date":"2025-01-24T10:23:39","date_gmt":"2025-01-24T07:23:39","guid":{"rendered":"https:\/\/www.egemtv.com\/?p=11934"},"modified":"2025-01-24T10:23:40","modified_gmt":"2025-01-24T07:23:40","slug":"kutahya-obm-personelinden-kan-bagisina-destek","status":"publish","type":"post","link":"https:\/\/www.egemtv.com\/?p=11934","title":{"rendered":"K\u00fctahya OBM personelinden kan ba\u011f\u0131\u015f\u0131na destek"},"content":{"rendered":"<p>K\u00fctahya Orman B\u00f6lge M\u00fcd\u00fcrl\u00fc\u011f\u00fc personeli kan ba\u011f\u0131\u015f\u0131nda bulundu.<br \/>\n<br \/>T\u00fcrk K\u0131z\u0131lay\u0131 K\u00fctahya Kan Ba\u011f\u0131\u015f\u0131 Merkezi taraf\u0131ndan, \u201cBirbirimize Candan Ba\u011fl\u0131y\u0131z\u201d  slogan\u0131yla Orman B\u00f6lge M\u00fcd\u00fcrl\u00fc\u011f\u00fcnde kurulan kan ba\u011f\u0131\u015f alan\u0131nda B\u00f6lge M\u00fcd\u00fcrl\u00fc\u011f\u00fc personeli kan ba\u011f\u0131\u015f\u0131nda bulundu. Kan ba\u011f\u0131\u015f\u0131na personel yo\u011fun ilgi g\u00f6sterdi.<br \/><\/p>\n","protected":false},"excerpt":{"rendered":"<p>K\u00fctahya Orman B\u00f6lge M\u00fcd\u00fcrl\u00fc\u011f\u00fc personeli kan ba\u011f\u0131\u015f\u0131nda bulundu. T\u00fcrk K\u0131z\u0131lay\u0131 K\u00fctahya Kan Ba\u011f\u0131\u015f\u0131 Merkezi taraf\u0131ndan, \u201cBirbirimize Candan Ba\u011fl\u0131y\u0131z\u201d slogan\u0131yla Orman B\u00f6lge M\u00fcd\u00fcrl\u00fc\u011f\u00fcnde kurulan kan ba\u011f\u0131\u015f alan\u0131nda B\u00f6lge M\u00fcd\u00fcrl\u00fc\u011f\u00fc personeli kan ba\u011f\u0131\u015f\u0131nda bulundu. Kan ba\u011f\u0131\u015f\u0131na personel yo\u011fun ilgi g\u00f6sterdi.<\/p>\n","protected":false},"author":1,"featured_media":11935,"comment_status":"open","ping_status":"open","sticky":false,"template":"","format":"standard","meta":{"_crdt_document":"","footnotes":""},"categories":[2],"tags":[],"class_list":["post-11934","post","type-post","status-publish","format-standard","has-post-thumbnail","hentry","category-saglik"],"_links":{"self":[{"href":"https:\/\/www.egemtv.com\/index.php?rest_route=\/wp\/v2\/posts\/11934","targetHints":{"allow":["GET"]}}],"collection":[{"href":"https:\/\/www.egemtv.com\/index.php?rest_route=\/wp\/v2\/posts"}],"about":[{"href":"https:\/\/www.egemtv.com\/index.php?rest_route=\/wp\/v2\/types\/post"}],"author":[{"embeddable":true,"href":"https:\/\/www.egemtv.com\/index.php?rest_route=\/wp\/v2\/users\/1"}],"replies":[{"embeddable":true,"href":"https:\/\/www.egemtv.com\/index.php?rest_route=%2Fwp%2Fv2%2Fcomments&post=11934"}],"version-history":[{"count":1,"href":"https:\/\/www.egemtv.com\/index.php?rest_route=\/wp\/v2\/posts\/11934\/revisions"}],"predecessor-version":[{"id":11936,"href":"https:\/\/www.egemtv.com\/index.php?rest_route=\/wp\/v2\/posts\/11934\/revisions\/11936"}],"wp:featuredmedia":[{"embeddable":true,"href":"https:\/\/www.egemtv.com\/index.php?rest_route=\/wp\/v2\/media\/11935"}],"wp:attachment":[{"href":"https:\/\/www.egemtv.com\/index.php?rest_route=%2Fwp%2Fv2%2Fmedia&parent=11934"}],"wp:term":[{"taxonomy":"category","embeddable":true,"href":"https:\/\/www.egemtv.com\/index.php?rest_route=%2Fwp%2Fv2%2Fcategories&post=11934"},{"taxonomy":"post_tag","embeddable":true,"href":"https:\/\/www.egemtv.com\/index.php?rest_route=%2Fwp%2Fv2%2Ftags&post=11934"}],"curies":[{"name":"wp","href":"https:\/\/api.w.org\/{rel}","templated":true}]}}