{"id":11907,"date":"2025-01-24T09:46:57","date_gmt":"2025-01-24T06:46:57","guid":{"rendered":"https:\/\/www.egemtv.com\/?p=11907"},"modified":"2025-01-24T09:46:58","modified_gmt":"2025-01-24T06:46:58","slug":"gencay-kent-lokantasindaki-calismalari-yerinde-inceledi","status":"publish","type":"post","link":"https:\/\/www.egemtv.com\/?p=11907","title":{"rendered":"Gen\u00e7ay, Kent Lokantas\u0131\u2019ndaki \u00e7al\u0131\u015fmalar\u0131 yerinde inceledi"},"content":{"rendered":"<p>Didim Belediye Ba\u015fkan\u0131 Hatice Gen\u00e7ay, Didim Belediyesi taraf\u0131ndan yap\u0131m\u0131na ba\u015flanan Didim Kent Lokantas\u0131\u2019nda devam eden \u00e7al\u0131\u015fmalar\u0131 yerinde inceledi.<\/p>\n<p>Sosyal Belediyecilik alan\u0131nda \u00f6nemli \u00e7al\u0131\u015fmalar ortaya koyan Didim Belediyesi, Didim\u2019de Kent Lokantas\u0131\u2019n\u0131 yapmak i\u00e7in \u00e7al\u0131\u015fmalara ba\u015flad\u0131. Devam eden \u00e7al\u0131\u015fmalar\u0131 Didim Belediye Ba\u015fkan\u0131 Hatice Gen\u00e7ay, Belediye Ba\u015fkan Yard\u0131mc\u0131lar\u0131, Aydan A\u015f\u0131k Turgut, Ali \u00c7elik ve birim m\u00fcd\u00fcrleri yerinde inceledi.<\/p>\n<p>\u00c7al\u0131\u015fmalar hakk\u0131nda birim amirlerinden bilgi alan Didim Belediye Ba\u015fkan\u0131 Hatice Gen\u00e7ay, \u201cBir s\u00f6z\u00fcm\u00fcz\u00fc daha yerine getirmenin gururunu ya\u015f\u0131yoruz. Didim Belediyesi Kent Lokantas\u0131, \u00e7ok yak\u0131nda hizmete giriyor. Yap\u0131lan \u00e7al\u0131\u015fmalar\u0131 yerinde inceleyerek, projemizin a\u015famalar\u0131n\u0131 de\u011ferlendirdik. Didim\u2019in her bir bireyine dokunan projelerimizle halk\u0131m\u0131za hizmetlerin en iyisini sunmak i\u00e7in var g\u00fcc\u00fcm\u00fczle \u00e7al\u0131\u015fmaya devam ediyoruz\u201d dedi.<br \/><\/p>\n","protected":false},"excerpt":{"rendered":"<p>Didim Belediye Ba\u015fkan\u0131 Hatice Gen\u00e7ay, Didim Belediyesi taraf\u0131ndan yap\u0131m\u0131na ba\u015flanan Didim Kent Lokantas\u0131\u2019nda devam eden \u00e7al\u0131\u015fmalar\u0131 yerinde inceledi. Sosyal Belediyecilik alan\u0131nda \u00f6nemli \u00e7al\u0131\u015fmalar ortaya koyan Didim Belediyesi, Didim\u2019de Kent Lokantas\u0131\u2019n\u0131 yapmak i\u00e7in \u00e7al\u0131\u015fmalara ba\u015flad\u0131. Devam eden \u00e7al\u0131\u015fmalar\u0131 Didim Belediye Ba\u015fkan\u0131 Hatice Gen\u00e7ay, Belediye Ba\u015fkan Yard\u0131mc\u0131lar\u0131, Aydan A\u015f\u0131k Turgut, Ali \u00c7elik ve birim m\u00fcd\u00fcrleri yerinde inceledi&#8230;.<\/p>\n","protected":false},"author":1,"featured_media":11908,"comment_status":"open","ping_status":"open","sticky":false,"template":"","format":"standard","meta":{"_crdt_document":"","footnotes":""},"categories":[1],"tags":[],"class_list":["post-11907","post","type-post","status-publish","format-standard","has-post-thumbnail","hentry","category-guncel"],"_links":{"self":[{"href":"https:\/\/www.egemtv.com\/index.php?rest_route=\/wp\/v2\/posts\/11907","targetHints":{"allow":["GET"]}}],"collection":[{"href":"https:\/\/www.egemtv.com\/index.php?rest_route=\/wp\/v2\/posts"}],"about":[{"href":"https:\/\/www.egemtv.com\/index.php?rest_route=\/wp\/v2\/types\/post"}],"author":[{"embeddable":true,"href":"https:\/\/www.egemtv.com\/index.php?rest_route=\/wp\/v2\/users\/1"}],"replies":[{"embeddable":true,"href":"https:\/\/www.egemtv.com\/index.php?rest_route=%2Fwp%2Fv2%2Fcomments&post=11907"}],"version-history":[{"count":1,"href":"https:\/\/www.egemtv.com\/index.php?rest_route=\/wp\/v2\/posts\/11907\/revisions"}],"predecessor-version":[{"id":11909,"href":"https:\/\/www.egemtv.com\/index.php?rest_route=\/wp\/v2\/posts\/11907\/revisions\/11909"}],"wp:featuredmedia":[{"embeddable":true,"href":"https:\/\/www.egemtv.com\/index.php?rest_route=\/wp\/v2\/media\/11908"}],"wp:attachment":[{"href":"https:\/\/www.egemtv.com\/index.php?rest_route=%2Fwp%2Fv2%2Fmedia&parent=11907"}],"wp:term":[{"taxonomy":"category","embeddable":true,"href":"https:\/\/www.egemtv.com\/index.php?rest_route=%2Fwp%2Fv2%2Fcategories&post=11907"},{"taxonomy":"post_tag","embeddable":true,"href":"https:\/\/www.egemtv.com\/index.php?rest_route=%2Fwp%2Fv2%2Ftags&post=11907"}],"curies":[{"name":"wp","href":"https:\/\/api.w.org\/{rel}","templated":true}]}}