{"id":11904,"date":"2025-01-24T09:43:56","date_gmt":"2025-01-24T06:43:56","guid":{"rendered":"https:\/\/www.egemtv.com\/?p=11904"},"modified":"2025-01-24T09:44:00","modified_gmt":"2025-01-24T06:44:00","slug":"kulturel-mirasi-modaya-tasidilar","status":"publish","type":"post","link":"https:\/\/www.egemtv.com\/?p=11904","title":{"rendered":"K\u00fclt\u00fcrel miras\u0131 \u2018modaya\u2019 ta\u015f\u0131d\u0131lar"},"content":{"rendered":"<p>T\u00fcrkiye\u2019nin d\u00fcnyaca tan\u0131nm\u0131\u015f k\u00fclt\u00fcrel varl\u0131klar\u0131 Ayasofya, Efes, Bergama ve Troya Antik Kentleri, G\u00f6beklitepe, Hattu\u015fa, Kapadokya, Mardin-Mor Gabriel, Nemrut Da\u011f\u0131 ve Zeugma, modaya ilham verdi. \u0130zmir Ekonomi \u00dcniversitesi (\u0130E\u00dc) Tekstil ve Moda Tasar\u0131m\u0131 B\u00f6l\u00fcm\u00fc son s\u0131n\u0131f \u00f6\u011frencileri, \u2018K\u00fclt\u00fcrel Miras\u0131n \u0130zinde Moda\u2019 isimli proje kapsam\u0131nda, \u00fclkemizin tarihi noktalar\u0131ndan esinlenerek birbirinden \u015f\u0131k giysilerden olu\u015fan \u00f6zel bir koleksiyon haz\u0131rlad\u0131. E\u011fitimlerine \u0130E\u00dc\u2019de devam eden \u0130ranl\u0131 \u00f6\u011frenciler de kendi k\u00fclt\u00fcrlerinden ald\u0131klar\u0131 Persepolis ve Tepe Sialk gibi arkeolojik b\u00f6lgeler \u00fczerine \u00e7al\u0131\u015ft\u0131.<br \/>\n<br \/>Gen\u00e7 modac\u0131lar, St\u00fcdyo Koordinat\u00f6r\u00fc Do\u00e7. Dr. \u015e\u00f6len Kip\u00f6z\u2019\u00fcn y\u00fcr\u00fct\u00fcc\u00fcl\u00fc\u011f\u00fcnde ger\u00e7ekle\u015ftirdikleri koleksiyonlar\u0131, \u00f6zel bir sergiyle moda ve akademi d\u00fcnyas\u0131n\u0131n be\u011fenisine sundu. \u0130E\u00dc\u2019l\u00fc gen\u00e7ler; arkeoloji, tarih ve sanat gibi disiplinler aras\u0131 alanlar\u0131 ara\u015ft\u0131r\u0131p seyahat etme ve g\u00f6zlem yapma gibi aktif y\u00f6ntemleri kullanarak haz\u0131rlad\u0131klar\u0131 tasar\u0131mlarla b\u00fcy\u00fck be\u011feni toplad\u0131.<br \/>\n<br \/>\u0130zmir Ekonomi \u00dcniversitesi Tekstil ve Moda Tasar\u0131m\u0131 B\u00f6l\u00fcm\u00fc 4\u2019\u00fcnc\u00fc s\u0131n\u0131f \u00f6\u011frencilerinin; Anadolu, Mezopotamya, Yunan ve Roma medeniyetlerindeki k\u00fclt\u00fcrel varl\u0131klardan esinlenerek olu\u015fturduklar\u0131 serginin a\u00e7\u0131l\u0131\u015f\u0131na Bayrakl\u0131 Belediye Ba\u015fkan\u0131 \u0130rfan \u00d6nal, \u0130zmir Ticaret Odas\u0131 (\u0130ZTO) Meclis Ba\u015fkan Yard\u0131mc\u0131s\u0131 Mehmet Tahir \u00d6zdemir, moda tasar\u0131mc\u0131s\u0131 Hatice G\u00f6k\u00e7e, Ege Giyim Sanayicileri Derne\u011fi \u00fcyeleri, sivil toplum kurulu\u015flar\u0131n\u0131n temsilcileri ve mezunlar kat\u0131ld\u0131.<\/p>\n<p>Heyecanlar \u00e7al\u0131\u015ft\u0131lar<br \/>\n<br \/>\u0130E\u00dc Tekstil ve Moda Tasar\u0131m\u0131 B\u00f6l\u00fcm\u00fc \u00d6\u011fretim \u00dcyesi Do\u00e7. Dr. \u015e\u00f6len Kip\u00f6z, ba\u015far\u0131l\u0131 \u00e7al\u0131\u015fmalar\u0131ndan dolay\u0131 \u00f6\u011frencileri tebrik ederek, \u201cProje sayesinde \u00f6\u011frencilerimiz, sahip olduklar\u0131 k\u00fclt\u00fcrel miras\u0131 moda arac\u0131l\u0131\u011f\u0131yla ke\u015ffetme f\u0131rsat\u0131 buldu. Konuya b\u00fcy\u00fck bir heyecanla sar\u0131lan \u00f6\u011frencilerimiz, k\u00fclt\u00fcrel varl\u0131klar\u0131n oldu\u011fu b\u00f6lgelere ki\u015fisel ziyaretler yapt\u0131. Arkeolojik ara\u015ft\u0131rman\u0131n yan\u0131 s\u0131ra kendi g\u00f6zlemleri ve foto\u011fraf ar\u015fivleri \u00fczerinden farkl\u0131 medeniyetlerin tarihsel, k\u00fclt\u00fcrel, sembolik ve estetik unsurlar\u0131ndan ald\u0131klar\u0131 ilhamla moda konseptleri yaratt\u0131lar. Bu kavramsal \u00e7er\u00e7eveyi, d\u00f6rt g\u00f6r\u00fcn\u00fcml\u00fck \u00e7a\u011fda\u015f moda koleksiyonlar\u0131na aktard\u0131klar\u0131 k\u0131yafetlerin yan\u0131 s\u0131ra tasar\u0131m s\u00fcrecini belgeleyen tasar\u0131m kitaplar\u0131n\u0131 ve moda foto\u011fraf \u00e7ekimlerini de davetlilere sundular. Ayr\u0131ca etkinli\u011fin davetiyesinden serginin kurulumuna ve ikramlar\u0131n haz\u0131rlanmas\u0131na kadar kendileri sorumluluk al\u0131p ev sahipli\u011fi yapt\u0131lar. Biz de bu vesileyle st\u00fcdyonun yarat\u0131c\u0131 \u00e7\u0131kt\u0131lar\u0131n\u0131 ve \u00f6\u011frencilerin heyecan\u0131n\u0131, moda d\u00fcnyas\u0131ndan ve akademiden profesyonellerle payla\u015ft\u0131k\u201d diye konu\u015ftu.<br \/><\/p>\n","protected":false},"excerpt":{"rendered":"<p>T\u00fcrkiye\u2019nin d\u00fcnyaca tan\u0131nm\u0131\u015f k\u00fclt\u00fcrel varl\u0131klar\u0131 Ayasofya, Efes, Bergama ve Troya Antik Kentleri, G\u00f6beklitepe, Hattu\u015fa, Kapadokya, Mardin-Mor Gabriel, Nemrut Da\u011f\u0131 ve Zeugma, modaya ilham verdi. \u0130zmir Ekonomi \u00dcniversitesi (\u0130E\u00dc) Tekstil ve Moda Tasar\u0131m\u0131 B\u00f6l\u00fcm\u00fc son s\u0131n\u0131f \u00f6\u011frencileri, \u2018K\u00fclt\u00fcrel Miras\u0131n \u0130zinde Moda\u2019 isimli proje kapsam\u0131nda, \u00fclkemizin tarihi noktalar\u0131ndan esinlenerek birbirinden \u015f\u0131k giysilerden olu\u015fan \u00f6zel bir koleksiyon haz\u0131rlad\u0131&#8230;.<\/p>\n","protected":false},"author":1,"featured_media":11905,"comment_status":"open","ping_status":"open","sticky":false,"template":"","format":"standard","meta":{"_crdt_document":"","footnotes":""},"categories":[1],"tags":[],"class_list":["post-11904","post","type-post","status-publish","format-standard","has-post-thumbnail","hentry","category-guncel"],"_links":{"self":[{"href":"https:\/\/www.egemtv.com\/index.php?rest_route=\/wp\/v2\/posts\/11904","targetHints":{"allow":["GET"]}}],"collection":[{"href":"https:\/\/www.egemtv.com\/index.php?rest_route=\/wp\/v2\/posts"}],"about":[{"href":"https:\/\/www.egemtv.com\/index.php?rest_route=\/wp\/v2\/types\/post"}],"author":[{"embeddable":true,"href":"https:\/\/www.egemtv.com\/index.php?rest_route=\/wp\/v2\/users\/1"}],"replies":[{"embeddable":true,"href":"https:\/\/www.egemtv.com\/index.php?rest_route=%2Fwp%2Fv2%2Fcomments&post=11904"}],"version-history":[{"count":1,"href":"https:\/\/www.egemtv.com\/index.php?rest_route=\/wp\/v2\/posts\/11904\/revisions"}],"predecessor-version":[{"id":11906,"href":"https:\/\/www.egemtv.com\/index.php?rest_route=\/wp\/v2\/posts\/11904\/revisions\/11906"}],"wp:featuredmedia":[{"embeddable":true,"href":"https:\/\/www.egemtv.com\/index.php?rest_route=\/wp\/v2\/media\/11905"}],"wp:attachment":[{"href":"https:\/\/www.egemtv.com\/index.php?rest_route=%2Fwp%2Fv2%2Fmedia&parent=11904"}],"wp:term":[{"taxonomy":"category","embeddable":true,"href":"https:\/\/www.egemtv.com\/index.php?rest_route=%2Fwp%2Fv2%2Fcategories&post=11904"},{"taxonomy":"post_tag","embeddable":true,"href":"https:\/\/www.egemtv.com\/index.php?rest_route=%2Fwp%2Fv2%2Ftags&post=11904"}],"curies":[{"name":"wp","href":"https:\/\/api.w.org\/{rel}","templated":true}]}}