{"id":11901,"date":"2025-01-24T09:40:32","date_gmt":"2025-01-24T06:40:32","guid":{"rendered":"https:\/\/www.egemtv.com\/?p=11901"},"modified":"2025-01-24T09:40:34","modified_gmt":"2025-01-24T06:40:34","slug":"efeler-belediyesinden-pazaryeri-duzenlemesi","status":"publish","type":"post","link":"https:\/\/www.egemtv.com\/?p=11901","title":{"rendered":"Efeler Belediyesi\u2019nden pazaryeri d\u00fczenlemesi"},"content":{"rendered":"<p>Efeler Belediyesi ile Ayd\u0131n\u2019daki esnaf odalar\u0131 aras\u0131nda pazar yerlerinin d\u00fczenli ve g\u00fcvenli bir \u015fekilde i\u015fletilmesi i\u00e7in protokol imzaland\u0131.<\/p>\n<p>Efeler Belediye Ba\u015fkan\u0131 An\u0131l Yeti\u015fkin se\u00e7im \u00f6ncesinde verdi\u011fi s\u00f6zlerden birini daha yerine getirerek pazar esnaf\u0131na y\u00f6nelik \u00f6nemli bir ad\u0131m att\u0131. Ba\u015fkan Yeti\u015fkin, pazar esnaf\u0131n\u0131n en b\u00fcy\u00fck sorunlar\u0131ndan biri olan \u2019tahsis belgesi\u2019 \u00fccretini kald\u0131r\u0131rken, esnaf\u0131n halk pazarlar\u0131ndaki yerlerini devredebilme hakk\u0131 sa\u011flayan \u2019pazar yeri devir hakk\u0131\u2019 uygulamas\u0131n\u0131 hayata ge\u00e7irdi.  Ger\u00e7ekle\u015ftirilen yeni d\u00fczenleme Efeler Belediye Ba\u015fkan\u0131 An\u0131l Yeti\u015fkin ile Ayd\u0131n Meyve ve Sebzeciler, \u00c7i\u00e7ek\u00e7iler ve Seyyar Sat\u0131c\u0131lar Esnaf Odas\u0131 Ba\u015fkan\u0131 Yusuf Demirta\u015f, Ayd\u0131n Manifaturac\u0131lar ve Tuhafiyeciler Esnaf Odas\u0131 Ba\u015fkan\u0131 Kamil Tavil, Ayd\u0131n Ayakkab\u0131c\u0131lar Esnaf ve Sanatk\u00e2rlar Odas\u0131 Ba\u015fkan\u0131 Ufuk Akay, Ayd\u0131n Bak\u0131rc\u0131lar Saat\u00e7iler ve Z\u00fccaciyeciler Esnaf ve Sanatk\u00e2rlar Odas\u0131 Ba\u015fkan\u0131 Mehmet G\u00f6k\u00e7en ve \u0130ncirliova Esnaf ve Sanatk\u00e2rlar Odas\u0131 Ba\u015fkan\u0131 Ercan U\u00e7ak\u2019\u0131n kat\u0131l\u0131m\u0131yla imzalanan protokolle resmiyet kazand\u0131. Protokolde; pazar yerlerinin s\u0131n\u0131rlar\u0131n\u0131n belirlenmesi, a\u00e7\u0131l\u0131\u015f-kapan\u0131\u015f saatlerinin d\u00fczenlenmesi, \u00e7evre temizli\u011fi, g\u00fcvenlik tedbirleri ve esnaf\u0131n y\u00fck\u00fcml\u00fcl\u00fckleri gibi bir\u00e7ok detay yer al\u0131yor. Ayr\u0131ca, tahsislerin devri i\u015flemleri ve d\u00fczenli denetimlere ili\u015fkin esaslar da protokolde h\u00fckme ba\u011fland\u0131.<\/p>\n<p>Buna g\u00f6re, pazar yerlerinde sat\u0131\u015fa sunulan her \u00fcr\u00fcn i\u00e7in T\u00fcketicinin Korunmas\u0131 Hakk\u0131nda Kanun\u2019a uygun \u015fekilde fiyat etiketi kullan\u0131lmas\u0131 zorunlu hale getirildi. Belediyenin belirledi\u011fi \u00f6l\u00e7\u00fclerde \u00e7\u00f6p po\u015fetleri esnafa da\u011f\u0131t\u0131lacak ve pazaryeri temizli\u011fine katk\u0131 sa\u011flanacak. Ayr\u0131ca, a\u00e7\u0131k semt pazarlar\u0131nda kullan\u0131lan \u015femsiyeler i\u00e7in esnaf\u0131n gerekli g\u00fcvenlik \u00f6nlemlerini almas\u0131 zorunlu k\u0131l\u0131nacak.<\/p>\n<p>Efeler Belediye Ba\u015fkan\u0131 An\u0131l Yeti\u015fkin yapt\u0131\u011f\u0131 a\u00e7\u0131klamada, &#8220;Hem pazar esnaf\u0131m\u0131z\u0131n sorunlar\u0131n\u0131 \u00e7\u00f6z\u00fcme kavu\u015fturmak ve hem de halk\u0131m\u0131z\u0131n daha iyi \u015fartlarda al\u0131\u015fveri\u015f yapmalar\u0131n\u0131 sa\u011flamak \u00f6ncelikli hedefimizdi. Bu ad\u0131mla kentimize ve esnaf\u0131m\u0131za b\u00fcy\u00fck bir katk\u0131 sunmu\u015f olduk. Hay\u0131rl\u0131 olsun&#8221; ifadelerini kulland\u0131.<br \/><\/p>\n","protected":false},"excerpt":{"rendered":"<p>Efeler Belediyesi ile Ayd\u0131n\u2019daki esnaf odalar\u0131 aras\u0131nda pazar yerlerinin d\u00fczenli ve g\u00fcvenli bir \u015fekilde i\u015fletilmesi i\u00e7in protokol imzaland\u0131. Efeler Belediye Ba\u015fkan\u0131 An\u0131l Yeti\u015fkin se\u00e7im \u00f6ncesinde verdi\u011fi s\u00f6zlerden birini daha yerine getirerek pazar esnaf\u0131na y\u00f6nelik \u00f6nemli bir ad\u0131m att\u0131. Ba\u015fkan Yeti\u015fkin, pazar esnaf\u0131n\u0131n en b\u00fcy\u00fck sorunlar\u0131ndan biri olan \u2019tahsis belgesi\u2019 \u00fccretini kald\u0131r\u0131rken, esnaf\u0131n halk pazarlar\u0131ndaki yerlerini&#8230;<\/p>\n","protected":false},"author":1,"featured_media":11902,"comment_status":"open","ping_status":"open","sticky":false,"template":"","format":"standard","meta":{"_crdt_document":"","footnotes":""},"categories":[1],"tags":[],"class_list":["post-11901","post","type-post","status-publish","format-standard","has-post-thumbnail","hentry","category-guncel"],"_links":{"self":[{"href":"https:\/\/www.egemtv.com\/index.php?rest_route=\/wp\/v2\/posts\/11901","targetHints":{"allow":["GET"]}}],"collection":[{"href":"https:\/\/www.egemtv.com\/index.php?rest_route=\/wp\/v2\/posts"}],"about":[{"href":"https:\/\/www.egemtv.com\/index.php?rest_route=\/wp\/v2\/types\/post"}],"author":[{"embeddable":true,"href":"https:\/\/www.egemtv.com\/index.php?rest_route=\/wp\/v2\/users\/1"}],"replies":[{"embeddable":true,"href":"https:\/\/www.egemtv.com\/index.php?rest_route=%2Fwp%2Fv2%2Fcomments&post=11901"}],"version-history":[{"count":1,"href":"https:\/\/www.egemtv.com\/index.php?rest_route=\/wp\/v2\/posts\/11901\/revisions"}],"predecessor-version":[{"id":11903,"href":"https:\/\/www.egemtv.com\/index.php?rest_route=\/wp\/v2\/posts\/11901\/revisions\/11903"}],"wp:featuredmedia":[{"embeddable":true,"href":"https:\/\/www.egemtv.com\/index.php?rest_route=\/wp\/v2\/media\/11902"}],"wp:attachment":[{"href":"https:\/\/www.egemtv.com\/index.php?rest_route=%2Fwp%2Fv2%2Fmedia&parent=11901"}],"wp:term":[{"taxonomy":"category","embeddable":true,"href":"https:\/\/www.egemtv.com\/index.php?rest_route=%2Fwp%2Fv2%2Fcategories&post=11901"},{"taxonomy":"post_tag","embeddable":true,"href":"https:\/\/www.egemtv.com\/index.php?rest_route=%2Fwp%2Fv2%2Ftags&post=11901"}],"curies":[{"name":"wp","href":"https:\/\/api.w.org\/{rel}","templated":true}]}}