{"id":11895,"date":"2025-01-24T09:31:17","date_gmt":"2025-01-24T06:31:17","guid":{"rendered":"https:\/\/www.egemtv.com\/?p=11895"},"modified":"2025-01-24T09:31:20","modified_gmt":"2025-01-24T06:31:20","slug":"muglada-2-milyon-338-bin-adet-makaron-ele-gecirildi","status":"publish","type":"post","link":"https:\/\/www.egemtv.com\/?p=11895","title":{"rendered":"Mu\u011fla\u2019da 2 milyon 338 bin adet makaron ele ge\u00e7irildi"},"content":{"rendered":"<p>Mu\u011fla\u2019n\u0131n Ortaca ve Dalaman il\u00e7elerinde Mu\u011fla Emniyet M\u00fcd\u00fcrl\u00fc\u011f\u00fc Ka\u00e7ak\u00e7\u0131l\u0131k ve Organize Su\u00e7larla M\u00fccadele (KOM) \u015eube M\u00fcd\u00fcrl\u00fc\u011f\u00fc ekipleri taraf\u0131ndan d\u00fczenlenen operasyonlarda piyasa de\u011feri 1 milyon 800 bin TL olan ka\u00e7ak t\u00fct\u00fcn ve t\u00fct\u00fcn mamulleri ele ge\u00e7irildi.<br \/>\n<br \/>Ortaca Cumhuriyet Ba\u015fsavc\u0131l\u0131\u011f\u0131 koordinesinde Ka\u00e7ak\u00e7\u0131l\u0131k ve Organize Su\u00e7larla M\u00fccadele \u015eube M\u00fcd\u00fcrl\u00fc\u011f\u00fc ekipleri taraf\u0131ndan Dalaman ve Ortaca il\u00e7elerinde t\u00fct\u00fcn ve t\u00fct\u00fcn mamulleri ka\u00e7ak\u00e7\u0131l\u0131\u011f\u0131n\u0131n \u00f6nlenmesine y\u00f6nelik \u00e7al\u0131\u015fma yap\u0131ld\u0131. Yap\u0131lan \u00e7al\u0131\u015fmalarda, 2 milyon 338 bin adet makaron, 12,5 kilo g\u00fcmr\u00fck ka\u00e7a\u011f\u0131 nargile t\u00fct\u00fcn\u00fc, 791 kilo k\u0131y\u0131lm\u0131\u015f t\u00fct\u00fcn olmak \u00fczere piyasa de\u011feri yakla\u015f\u0131k 1 milyon 800 bin TL olan ka\u00e7ak t\u00fct\u00fcn ve mamulleri ele ge\u00e7irildi.<br \/>\n<br \/>Yap\u0131lan \u00e7al\u0131\u015fmalar neticesinde 2 \u015f\u00fcpheli \u015fah\u0131s g\u00f6zalt\u0131na al\u0131n\u0131rken, bir \u015f\u00fcpheli tutuklanarak cezaevine teslim edildi.<br \/><\/p>\n","protected":false},"excerpt":{"rendered":"<p>Mu\u011fla\u2019n\u0131n Ortaca ve Dalaman il\u00e7elerinde Mu\u011fla Emniyet M\u00fcd\u00fcrl\u00fc\u011f\u00fc Ka\u00e7ak\u00e7\u0131l\u0131k ve Organize Su\u00e7larla M\u00fccadele (KOM) \u015eube M\u00fcd\u00fcrl\u00fc\u011f\u00fc ekipleri taraf\u0131ndan d\u00fczenlenen operasyonlarda piyasa de\u011feri 1 milyon 800 bin TL olan ka\u00e7ak t\u00fct\u00fcn ve t\u00fct\u00fcn mamulleri ele ge\u00e7irildi. Ortaca Cumhuriyet Ba\u015fsavc\u0131l\u0131\u011f\u0131 koordinesinde Ka\u00e7ak\u00e7\u0131l\u0131k ve Organize Su\u00e7larla M\u00fccadele \u015eube M\u00fcd\u00fcrl\u00fc\u011f\u00fc ekipleri taraf\u0131ndan Dalaman ve Ortaca il\u00e7elerinde t\u00fct\u00fcn ve t\u00fct\u00fcn&#8230;<\/p>\n","protected":false},"author":1,"featured_media":11896,"comment_status":"open","ping_status":"open","sticky":false,"template":"","format":"standard","meta":{"_crdt_document":"","footnotes":""},"categories":[5],"tags":[],"class_list":["post-11895","post","type-post","status-publish","format-standard","has-post-thumbnail","hentry","category-asayis"],"_links":{"self":[{"href":"https:\/\/www.egemtv.com\/index.php?rest_route=\/wp\/v2\/posts\/11895","targetHints":{"allow":["GET"]}}],"collection":[{"href":"https:\/\/www.egemtv.com\/index.php?rest_route=\/wp\/v2\/posts"}],"about":[{"href":"https:\/\/www.egemtv.com\/index.php?rest_route=\/wp\/v2\/types\/post"}],"author":[{"embeddable":true,"href":"https:\/\/www.egemtv.com\/index.php?rest_route=\/wp\/v2\/users\/1"}],"replies":[{"embeddable":true,"href":"https:\/\/www.egemtv.com\/index.php?rest_route=%2Fwp%2Fv2%2Fcomments&post=11895"}],"version-history":[{"count":1,"href":"https:\/\/www.egemtv.com\/index.php?rest_route=\/wp\/v2\/posts\/11895\/revisions"}],"predecessor-version":[{"id":11897,"href":"https:\/\/www.egemtv.com\/index.php?rest_route=\/wp\/v2\/posts\/11895\/revisions\/11897"}],"wp:featuredmedia":[{"embeddable":true,"href":"https:\/\/www.egemtv.com\/index.php?rest_route=\/wp\/v2\/media\/11896"}],"wp:attachment":[{"href":"https:\/\/www.egemtv.com\/index.php?rest_route=%2Fwp%2Fv2%2Fmedia&parent=11895"}],"wp:term":[{"taxonomy":"category","embeddable":true,"href":"https:\/\/www.egemtv.com\/index.php?rest_route=%2Fwp%2Fv2%2Fcategories&post=11895"},{"taxonomy":"post_tag","embeddable":true,"href":"https:\/\/www.egemtv.com\/index.php?rest_route=%2Fwp%2Fv2%2Ftags&post=11895"}],"curies":[{"name":"wp","href":"https:\/\/api.w.org\/{rel}","templated":true}]}}