{"id":11886,"date":"2025-01-24T09:29:08","date_gmt":"2025-01-24T06:29:08","guid":{"rendered":"https:\/\/www.egemtv.com\/?p=11886"},"modified":"2025-01-24T09:29:10","modified_gmt":"2025-01-24T06:29:10","slug":"didimde-izinsiz-kaziya-jandarma-baskini","status":"publish","type":"post","link":"https:\/\/www.egemtv.com\/?p=11886","title":{"rendered":"Didim\u2019de izinsiz kaz\u0131ya jandarma bask\u0131n\u0131"},"content":{"rendered":"<p>Ayd\u0131n\u2019\u0131n Didim il\u00e7esinde jandarma ekipleri hazine arazisindeki ka\u00e7ak kaz\u0131y\u0131 \u00f6nledi.<br \/>\n<br \/>Didim \u0130l\u00e7e Jandarma Komutanl\u0131\u011f\u0131 Didim il\u00e7esi Akk\u00f6y Mahallesinde icra edilen devriye esnas\u0131nda H.A.(39) isimli \u015f\u00fcpheli ad\u0131na i\u015f makinesi ile izinsiz hazine arazisi a\u00e7t\u0131\u011f\u0131 tespit edildi. \u015eah\u0131slar hakk\u0131nda adli ve idari s\u00fcrecin devam etti\u011fi \u00f6\u011frenildi.<br \/><\/p>\n","protected":false},"excerpt":{"rendered":"<p>Ayd\u0131n\u2019\u0131n Didim il\u00e7esinde jandarma ekipleri hazine arazisindeki ka\u00e7ak kaz\u0131y\u0131 \u00f6nledi. Didim \u0130l\u00e7e Jandarma Komutanl\u0131\u011f\u0131 Didim il\u00e7esi Akk\u00f6y Mahallesinde icra edilen devriye esnas\u0131nda H.A.(39) isimli \u015f\u00fcpheli ad\u0131na i\u015f makinesi ile izinsiz hazine arazisi a\u00e7t\u0131\u011f\u0131 tespit edildi. \u015eah\u0131slar hakk\u0131nda adli ve idari s\u00fcrecin devam etti\u011fi \u00f6\u011frenildi.<\/p>\n","protected":false},"author":1,"featured_media":11887,"comment_status":"open","ping_status":"open","sticky":false,"template":"","format":"standard","meta":{"_crdt_document":"","footnotes":""},"categories":[5],"tags":[],"class_list":["post-11886","post","type-post","status-publish","format-standard","has-post-thumbnail","hentry","category-asayis"],"_links":{"self":[{"href":"https:\/\/www.egemtv.com\/index.php?rest_route=\/wp\/v2\/posts\/11886","targetHints":{"allow":["GET"]}}],"collection":[{"href":"https:\/\/www.egemtv.com\/index.php?rest_route=\/wp\/v2\/posts"}],"about":[{"href":"https:\/\/www.egemtv.com\/index.php?rest_route=\/wp\/v2\/types\/post"}],"author":[{"embeddable":true,"href":"https:\/\/www.egemtv.com\/index.php?rest_route=\/wp\/v2\/users\/1"}],"replies":[{"embeddable":true,"href":"https:\/\/www.egemtv.com\/index.php?rest_route=%2Fwp%2Fv2%2Fcomments&post=11886"}],"version-history":[{"count":1,"href":"https:\/\/www.egemtv.com\/index.php?rest_route=\/wp\/v2\/posts\/11886\/revisions"}],"predecessor-version":[{"id":11888,"href":"https:\/\/www.egemtv.com\/index.php?rest_route=\/wp\/v2\/posts\/11886\/revisions\/11888"}],"wp:featuredmedia":[{"embeddable":true,"href":"https:\/\/www.egemtv.com\/index.php?rest_route=\/wp\/v2\/media\/11887"}],"wp:attachment":[{"href":"https:\/\/www.egemtv.com\/index.php?rest_route=%2Fwp%2Fv2%2Fmedia&parent=11886"}],"wp:term":[{"taxonomy":"category","embeddable":true,"href":"https:\/\/www.egemtv.com\/index.php?rest_route=%2Fwp%2Fv2%2Fcategories&post=11886"},{"taxonomy":"post_tag","embeddable":true,"href":"https:\/\/www.egemtv.com\/index.php?rest_route=%2Fwp%2Fv2%2Ftags&post=11886"}],"curies":[{"name":"wp","href":"https:\/\/api.w.org\/{rel}","templated":true}]}}