{"id":11883,"date":"2025-01-24T09:29:06","date_gmt":"2025-01-24T06:29:06","guid":{"rendered":"https:\/\/www.egemtv.com\/?p=11883"},"modified":"2025-01-24T09:29:08","modified_gmt":"2025-01-24T06:29:08","slug":"ic-mimarlik-ogrencilerine-tasarim-odulu","status":"publish","type":"post","link":"https:\/\/www.egemtv.com\/?p=11883","title":{"rendered":"\u0130\u00e7 mimarl\u0131k \u00f6\u011frencilerine tasar\u0131m \u00f6d\u00fcl\u00fc"},"content":{"rendered":"<p>Ya\u015far \u00dcniversitesi \u0130\u00e7 Mimarl\u0131k ve \u00c7evre Tasar\u0131m\u0131 B\u00f6l\u00fcm\u00fc \u00f6\u011frencileri do\u011fa, k\u00fclt\u00fcr ve teknolojiden esinlenerek haz\u0131rlad\u0131klar\u0131 tasar\u0131mlarla 3 \u00f6d\u00fcl kazand\u0131.<br \/>\n<br \/>Ya\u015far \u00dcniversitesi Mimarl\u0131k Fak\u00fcltesi \u0130\u00e7 Mimarl\u0131k ve \u00c7evre Tasar\u0131m\u0131 B\u00f6l\u00fcm\u00fc, TMMOB \u0130\u00e7mimarlar Odas\u0131 taraf\u0131ndan 7. kez d\u00fczenlenen im2024 \u0130\u00e7mimarl\u0131k \u00d6\u011frencileri Proje Yar\u0131\u015fmas\u0131\u2019na toplamda 41 proje ile kat\u0131ld\u0131. \u00d6\u011frencilerin lisans e\u011fitimi boyunca ger\u00e7ekle\u015ftirilen tasar\u0131m st\u00fcdyosu projelerinin de\u011ferlendirildi\u011fi yar\u0131\u015fmada bu sene T\u00fcrkiye ve Kuzey K\u0131br\u0131s T\u00fcrk Cumhuriyeti\u2019ndeki \u00fcniversitelerden toplam 501 proje 5 kategoride yar\u0131\u015ft\u0131. Ya\u015far \u00dcniversitesi \u00f6\u011frencilerinin 8 tasar\u0131m\u0131 ilk elemeyi ge\u00e7erek 60 finalist aras\u0131nda yer almay\u0131 ba\u015fard\u0131. \u0130\u00e7 Mimarl\u0131k ve \u00c7evre Tasar\u0131m\u0131 B\u00f6l\u00fcm\u00fc \u00f6\u011frencileri, TMMOB \u0130\u00e7mimarlar Odas\u0131\u2019nca d\u00fczenlenen im2024 \u0130\u00e7mimarl\u0131k \u00d6\u011frencileri Proje Yar\u0131\u015fmas\u0131\u2019nda 2 \u00f6d\u00fcl kazan\u0131rken \u0130stanbul K\u00fclt\u00fcr \u00dcniversitesi \u0130\u00e7 Mimarl\u0131k ve \u00c7evre Tasar\u0131m\u0131 B\u00f6l\u00fcm\u00fc\u2019n\u00fcn \u0130\u00e7 Mimarl\u0131k \u00d6\u011frencileri Ulusal Bitirme Projeleri Yar\u0131\u015fmas\u0131\u2019ndan ise 1 \u00f6d\u00fcl\u00fcn sahibi oldu<\/p>\n<p>I\u015f\u0131kl\u0131 an\u0131 haritas\u0131<br \/>\n<br \/>\u0130\u00e7 Mimarl\u0131k ve \u00c7evre Tasar\u0131m\u0131 B\u00f6l\u00fcm\u00fc \u00f6\u011frencileri \u015eenol Can \u00c7am ve Eren Ba\u015faran, \u201cMapin\u201d isimli projeyle \u201cMobilya ve Ayd\u0131nlatma Tasar\u0131m\u0131\u201d kategorisinde \u00fc\u00e7\u00fcnc\u00fcl\u00fck \u00f6d\u00fcl\u00fc kazand\u0131. D\u00fcnya haritalar\u0131na ve k\u00fclt\u00fcr\u00fcne ilgi duyanlar i\u00e7in tasarlanan \u0131\u015f\u0131kl\u0131 bir an\u0131 haritas\u0131 olan Mapin, d\u0131\u015f y\u00fczeyindeki delikli malzeme sayesinde \u0131\u015f\u0131k yay\u0131yor ve insanlar\u0131n ziyaret etti\u011fi veya edece\u011fi yerleri i\u015faretleyebilece\u011fi bir haf\u0131za k\u00fcp\u00fc g\u00f6revi g\u00f6r\u00fcyor.<\/p>\n<p>Do\u011faya a\u00e7\u0131lan bir ge\u00e7it<br \/>\n<br \/>\u0130lhami Mavio\u011flu ise \u201cKanyonun Yank\u0131lar\u0131: Biyofilik Bir Ka\u00e7\u0131\u015f\u201d isimli projesiyle \u201c\u00dc\u00e7\u00fcnc\u00fc Y\u0131l\u201d kategorisinde Mansiyon \u00d6d\u00fcl\u00fc\u2019n\u00fcn sahibi oldu. Bu projedeki binan\u0131n giri\u015fi bir ge\u00e7it fikrinden yola \u00e7\u0131k\u0131larak do\u011fadaki kanyonlardan esinlenerek tasarland\u0131. B\u00f6ylece kullan\u0131c\u0131ya do\u011faya a\u00e7\u0131lan bir ge\u00e7it hissi ya\u015fatmak ama\u00e7land\u0131. \u0130\u00e7 mekanlarda ma\u011fara konsepti olarak benimsenen kanyon fikri sayesinde galeri alanlar\u0131ndan gelen do\u011fal \u0131\u015f\u0131klar tasar\u0131mda \u00f6nemli bir rol oynuyor.<\/p>\n<p>Yunan k\u00fclt\u00fcr\u00fcnden ilham ald\u0131<br \/>\n<br \/>\u0130stanbul K\u00fclt\u00fcr \u00dcniversitesi taraf\u0131ndan 11. kez d\u00fczenlenen \u0130\u00e7 Mimarl\u0131k \u00d6\u011frencileri Ulusal Bitirme Projeleri Yar\u0131\u015fmas\u0131\u2019nda ba\u015far\u0131 g\u00f6steren \u0130\u00e7 Mimarl\u0131k ve \u00c7evre Tasar\u0131m\u0131 B\u00f6l\u00fcm\u00fc \u00f6\u011frencisi Devrim Uslu ise \u201cAte\u015fin Birle\u015ftirici G\u00fcc\u00fc\u201d projesiyle J\u00fcri Te\u015fvik \u00d6d\u00fcl\u00fc\u2019n\u00fc ald\u0131. Projede, daha \u00f6nce eski bir porselen fabrikas\u0131 olan alan, ate\u015fin Yunan k\u00fclt\u00fcr\u00fcndeki \u00f6neminden ilham alarak, tarihi yap\u0131s\u0131n\u0131 koruyan mimari restorasyonla meydan, pazar yeri, kahve d\u00fckkan\u0131 gibi \u00f6\u011felerle yeniden canland\u0131r\u0131ld\u0131.<br \/><\/p>\n","protected":false},"excerpt":{"rendered":"<p>Ya\u015far \u00dcniversitesi \u0130\u00e7 Mimarl\u0131k ve \u00c7evre Tasar\u0131m\u0131 B\u00f6l\u00fcm\u00fc \u00f6\u011frencileri do\u011fa, k\u00fclt\u00fcr ve teknolojiden esinlenerek haz\u0131rlad\u0131klar\u0131 tasar\u0131mlarla 3 \u00f6d\u00fcl kazand\u0131. Ya\u015far \u00dcniversitesi Mimarl\u0131k Fak\u00fcltesi \u0130\u00e7 Mimarl\u0131k ve \u00c7evre Tasar\u0131m\u0131 B\u00f6l\u00fcm\u00fc, TMMOB \u0130\u00e7mimarlar Odas\u0131 taraf\u0131ndan 7. kez d\u00fczenlenen im2024 \u0130\u00e7mimarl\u0131k \u00d6\u011frencileri Proje Yar\u0131\u015fmas\u0131\u2019na toplamda 41 proje ile kat\u0131ld\u0131. \u00d6\u011frencilerin lisans e\u011fitimi boyunca ger\u00e7ekle\u015ftirilen tasar\u0131m st\u00fcdyosu projelerinin de\u011ferlendirildi\u011fi&#8230;<\/p>\n","protected":false},"author":1,"featured_media":11884,"comment_status":"open","ping_status":"open","sticky":false,"template":"","format":"standard","meta":{"_crdt_document":"","footnotes":""},"categories":[1],"tags":[],"class_list":["post-11883","post","type-post","status-publish","format-standard","has-post-thumbnail","hentry","category-guncel"],"_links":{"self":[{"href":"https:\/\/www.egemtv.com\/index.php?rest_route=\/wp\/v2\/posts\/11883","targetHints":{"allow":["GET"]}}],"collection":[{"href":"https:\/\/www.egemtv.com\/index.php?rest_route=\/wp\/v2\/posts"}],"about":[{"href":"https:\/\/www.egemtv.com\/index.php?rest_route=\/wp\/v2\/types\/post"}],"author":[{"embeddable":true,"href":"https:\/\/www.egemtv.com\/index.php?rest_route=\/wp\/v2\/users\/1"}],"replies":[{"embeddable":true,"href":"https:\/\/www.egemtv.com\/index.php?rest_route=%2Fwp%2Fv2%2Fcomments&post=11883"}],"version-history":[{"count":1,"href":"https:\/\/www.egemtv.com\/index.php?rest_route=\/wp\/v2\/posts\/11883\/revisions"}],"predecessor-version":[{"id":11885,"href":"https:\/\/www.egemtv.com\/index.php?rest_route=\/wp\/v2\/posts\/11883\/revisions\/11885"}],"wp:featuredmedia":[{"embeddable":true,"href":"https:\/\/www.egemtv.com\/index.php?rest_route=\/wp\/v2\/media\/11884"}],"wp:attachment":[{"href":"https:\/\/www.egemtv.com\/index.php?rest_route=%2Fwp%2Fv2%2Fmedia&parent=11883"}],"wp:term":[{"taxonomy":"category","embeddable":true,"href":"https:\/\/www.egemtv.com\/index.php?rest_route=%2Fwp%2Fv2%2Fcategories&post=11883"},{"taxonomy":"post_tag","embeddable":true,"href":"https:\/\/www.egemtv.com\/index.php?rest_route=%2Fwp%2Fv2%2Ftags&post=11883"}],"curies":[{"name":"wp","href":"https:\/\/api.w.org\/{rel}","templated":true}]}}