{"id":11880,"date":"2025-01-24T09:29:03","date_gmt":"2025-01-24T06:29:03","guid":{"rendered":"https:\/\/www.egemtv.com\/?p=11880"},"modified":"2025-01-24T09:29:06","modified_gmt":"2025-01-24T06:29:06","slug":"milletvekili-arpacidan-denizli-osb-yonetimine-ziyaret","status":"publish","type":"post","link":"https:\/\/www.egemtv.com\/?p=11880","title":{"rendered":"Milletvekili Arpac\u0131\u2019dan Denizli OSB Y\u00f6netimine ziyaret"},"content":{"rendered":"<p>Cumhuriyet Halk Partisi (CHP) Denizli Milletvekili \u015eeref Arpac\u0131, Denizli Organize Sanayi B\u00f6lgesi Y\u00f6netim Kurulunu ziyaret ederek g\u00f6revlerinde ba\u015far\u0131lar diledi.<\/p>\n<p>Denizli OSB Y\u00f6netim Kurulu Ba\u015fkan\u0131 Derya Baltal\u0131, Y\u00f6netim Kurulu Ba\u015fkan Vekilleri Selim Yaymano\u011flu ve Osman U\u011furlu, Y\u00f6netim Kurulu \u00dcyeleri Cemal Can Sirkeci, Mehmet \u00c7al\u0131\u015fkan, \u0130smail Aslan ve B\u00f6lge M\u00fcd\u00fcr\u00fc Ahmet Ta\u015f, Denizli OSB M\u00fcd\u00fcrl\u00fc\u011f\u00fc Toplant\u0131 Salonu\u2019nda CHP Denizli Milletvekili \u015eeref Arpac\u0131\u2019y\u0131 a\u011f\u0131rlad\u0131.<\/p>\n<p>Denizli OSB M\u00fcd\u00fcrl\u00fc\u011f\u00fc Toplant\u0131 Salonu\u2019nda ger\u00e7ekle\u015fen ziyarette, Ba\u015fkan Derya Baltal\u0131, Milletvekili \u015eeref Arpac\u0131\u2019ya nazik ziyaretleri i\u00e7in te\u015fekk\u00fcr ederken, b\u00f6lgede y\u00fcr\u00fct\u00fclen \u00e7al\u0131\u015fmalar ve hayata ge\u00e7irilecek projeler hakk\u0131nda bilgiler verdi. Milletvekili Arpac\u0131, Denizli OSB\u2019deki \u00e7al\u0131\u015fmalar\u0131 takip ve takdir etti\u011fini belirterek, b\u00f6lgenin geli\u015fimi ad\u0131na sanayicilerin ihtiya\u00e7 duydu\u011fu her t\u00fcrl\u00fc destek i\u00e7in \u00e7aba g\u00f6stereceklerini de vurgulad\u0131.<\/p>\n<p>Ba\u015fkan Derya Baltal\u0131 ise, b\u00f6lgedeki mevcut b\u00fcy\u00fcmeyi h\u0131zla geni\u015fletmeyi ve bu projelerle birlikte b\u00f6lgede katma de\u011ferli \u00fcretimi artt\u0131rmay\u0131 hedeflediklerini s\u00f6yledi. Ayr\u0131ca, yerel y\u00f6netimlerle birlikte uyum i\u00e7inde \u00e7al\u0131\u015farak Denizli OSB\u2019yi T\u00fcrkiye\u2019nin \u00f6nde gelen sanayi b\u00f6lgelerinden biri haline d\u00f6n\u00fc\u015ft\u00fcrmeyi istediklerini vurgulad\u0131.<br \/><\/p>\n","protected":false},"excerpt":{"rendered":"<p>Cumhuriyet Halk Partisi (CHP) Denizli Milletvekili \u015eeref Arpac\u0131, Denizli Organize Sanayi B\u00f6lgesi Y\u00f6netim Kurulunu ziyaret ederek g\u00f6revlerinde ba\u015far\u0131lar diledi. Denizli OSB Y\u00f6netim Kurulu Ba\u015fkan\u0131 Derya Baltal\u0131, Y\u00f6netim Kurulu Ba\u015fkan Vekilleri Selim Yaymano\u011flu ve Osman U\u011furlu, Y\u00f6netim Kurulu \u00dcyeleri Cemal Can Sirkeci, Mehmet \u00c7al\u0131\u015fkan, \u0130smail Aslan ve B\u00f6lge M\u00fcd\u00fcr\u00fc Ahmet Ta\u015f, Denizli OSB M\u00fcd\u00fcrl\u00fc\u011f\u00fc Toplant\u0131 Salonu\u2019nda&#8230;<\/p>\n","protected":false},"author":1,"featured_media":11881,"comment_status":"open","ping_status":"open","sticky":false,"template":"","format":"standard","meta":{"_crdt_document":"","footnotes":""},"categories":[125],"tags":[],"class_list":["post-11880","post","type-post","status-publish","format-standard","has-post-thumbnail","hentry","category-ekonomi"],"_links":{"self":[{"href":"https:\/\/www.egemtv.com\/index.php?rest_route=\/wp\/v2\/posts\/11880","targetHints":{"allow":["GET"]}}],"collection":[{"href":"https:\/\/www.egemtv.com\/index.php?rest_route=\/wp\/v2\/posts"}],"about":[{"href":"https:\/\/www.egemtv.com\/index.php?rest_route=\/wp\/v2\/types\/post"}],"author":[{"embeddable":true,"href":"https:\/\/www.egemtv.com\/index.php?rest_route=\/wp\/v2\/users\/1"}],"replies":[{"embeddable":true,"href":"https:\/\/www.egemtv.com\/index.php?rest_route=%2Fwp%2Fv2%2Fcomments&post=11880"}],"version-history":[{"count":1,"href":"https:\/\/www.egemtv.com\/index.php?rest_route=\/wp\/v2\/posts\/11880\/revisions"}],"predecessor-version":[{"id":11882,"href":"https:\/\/www.egemtv.com\/index.php?rest_route=\/wp\/v2\/posts\/11880\/revisions\/11882"}],"wp:featuredmedia":[{"embeddable":true,"href":"https:\/\/www.egemtv.com\/index.php?rest_route=\/wp\/v2\/media\/11881"}],"wp:attachment":[{"href":"https:\/\/www.egemtv.com\/index.php?rest_route=%2Fwp%2Fv2%2Fmedia&parent=11880"}],"wp:term":[{"taxonomy":"category","embeddable":true,"href":"https:\/\/www.egemtv.com\/index.php?rest_route=%2Fwp%2Fv2%2Fcategories&post=11880"},{"taxonomy":"post_tag","embeddable":true,"href":"https:\/\/www.egemtv.com\/index.php?rest_route=%2Fwp%2Fv2%2Ftags&post=11880"}],"curies":[{"name":"wp","href":"https:\/\/api.w.org\/{rel}","templated":true}]}}