{"id":11877,"date":"2025-01-24T09:24:58","date_gmt":"2025-01-24T06:24:58","guid":{"rendered":"https:\/\/www.egemtv.com\/?p=11877"},"modified":"2025-01-24T09:25:00","modified_gmt":"2025-01-24T06:25:00","slug":"buyuksehir-efelerin-yollarini-yeniliyor","status":"publish","type":"post","link":"https:\/\/www.egemtv.com\/?p=11877","title":{"rendered":"B\u00fcy\u00fck\u015fehir Efeler\u2019in yollar\u0131n\u0131 yeniliyor"},"content":{"rendered":"<p>Ayd\u0131n\u2019\u0131n merkez il\u00e7esi Efeler\u2019de yol yenileme \u00e7al\u0131\u015fmalar\u0131na devam eden Ayd\u0131n B\u00fcy\u00fck\u015fehir Belediyesi ekipleri, Mesudiye Caddesi\u2019nde yol yap\u0131m \u00e7al\u0131\u015fmas\u0131na ba\u015flad\u0131.<\/p>\n<p>Kente yeni yollar kazand\u0131rmak ve mevcut yollar\u0131 yenilemek i\u00e7in \u00e7al\u0131\u015fmalar\u0131n\u0131 s\u00fcrd\u00fcren Ayd\u0131n B\u00fcy\u00fck\u015fehir Belediyesi Fen \u0130\u015fleri Dairesi Yol Yap\u0131m ve Bak\u0131m \u015eubesi ekipleri, Efeler il\u00e7esi Mesudiye Caddesi\u2019nde kaz\u0131 \u00e7al\u0131\u015fmalar\u0131na ba\u015flad\u0131. Fen \u0130\u015fleri Dairesi Yol Yap\u0131m ve Bak\u0131m \u015eubesi ekipleri, Mesudiye Caddesi\u2019nde kaz\u0131 \u00e7al\u0131\u015fmalar\u0131n\u0131 s\u00fcrd\u00fcr\u00fcyor. Ekipler, kaz\u0131 \u00e7al\u0131\u015fmalar\u0131n\u0131n ard\u0131ndan s\u0131cak asfalt serimine ba\u015flayacak. H\u0131zla tamamlanmas\u0131 planlanan asfalt seriminin ard\u0131ndan s\u00fcr\u00fcc\u00fc ve yayalar\u0131n g\u00fcvenli\u011fi i\u00e7in \u00e7izgi ve logo \u00e7al\u0131\u015fmalar\u0131 yap\u0131lacak olan cadde, daha modern ve daha g\u00fcvenli haliyle vatanda\u015flar\u0131n hizmetine sunulacak.<\/p>\n<p>Ayd\u0131n B\u00fcy\u00fck\u015fehir Belediye Ba\u015fkan\u0131 \u00d6zlem \u00c7er\u00e7io\u011flu, kent genelinde \u00e7al\u0131\u015fmalar\u0131na devam edeceklerini belirterek, \u201cHem\u015fehrilerimizin en iyiyi hak etti\u011fini bilerek \u00e7al\u0131\u015fmalar\u0131m\u0131z\u0131 s\u00fcrd\u00fcr\u00fcyoruz. Vatanda\u015flar\u0131m\u0131zdan ald\u0131\u011f\u0131m\u0131z g\u00fc\u00e7 ile Ayd\u0131n\u0131m\u0131z\u0131 hizmetlerimiz ile bulu\u015fturuyor, yat\u0131r\u0131mlar\u0131m\u0131z\u0131 hayata ge\u00e7iriyoruz. G\u00fczel kentimiz i\u00e7in \u00e7al\u0131\u015fmaya devam edece\u011fiz\u201d ifadelerini kulland\u0131.<br \/><\/p>\n","protected":false},"excerpt":{"rendered":"<p>Ayd\u0131n\u2019\u0131n merkez il\u00e7esi Efeler\u2019de yol yenileme \u00e7al\u0131\u015fmalar\u0131na devam eden Ayd\u0131n B\u00fcy\u00fck\u015fehir Belediyesi ekipleri, Mesudiye Caddesi\u2019nde yol yap\u0131m \u00e7al\u0131\u015fmas\u0131na ba\u015flad\u0131. Kente yeni yollar kazand\u0131rmak ve mevcut yollar\u0131 yenilemek i\u00e7in \u00e7al\u0131\u015fmalar\u0131n\u0131 s\u00fcrd\u00fcren Ayd\u0131n B\u00fcy\u00fck\u015fehir Belediyesi Fen \u0130\u015fleri Dairesi Yol Yap\u0131m ve Bak\u0131m \u015eubesi ekipleri, Efeler il\u00e7esi Mesudiye Caddesi\u2019nde kaz\u0131 \u00e7al\u0131\u015fmalar\u0131na ba\u015flad\u0131. Fen \u0130\u015fleri Dairesi Yol Yap\u0131m ve&#8230;<\/p>\n","protected":false},"author":1,"featured_media":11878,"comment_status":"open","ping_status":"open","sticky":false,"template":"","format":"standard","meta":{"_crdt_document":"","footnotes":""},"categories":[1],"tags":[],"class_list":["post-11877","post","type-post","status-publish","format-standard","has-post-thumbnail","hentry","category-guncel"],"_links":{"self":[{"href":"https:\/\/www.egemtv.com\/index.php?rest_route=\/wp\/v2\/posts\/11877","targetHints":{"allow":["GET"]}}],"collection":[{"href":"https:\/\/www.egemtv.com\/index.php?rest_route=\/wp\/v2\/posts"}],"about":[{"href":"https:\/\/www.egemtv.com\/index.php?rest_route=\/wp\/v2\/types\/post"}],"author":[{"embeddable":true,"href":"https:\/\/www.egemtv.com\/index.php?rest_route=\/wp\/v2\/users\/1"}],"replies":[{"embeddable":true,"href":"https:\/\/www.egemtv.com\/index.php?rest_route=%2Fwp%2Fv2%2Fcomments&post=11877"}],"version-history":[{"count":1,"href":"https:\/\/www.egemtv.com\/index.php?rest_route=\/wp\/v2\/posts\/11877\/revisions"}],"predecessor-version":[{"id":11879,"href":"https:\/\/www.egemtv.com\/index.php?rest_route=\/wp\/v2\/posts\/11877\/revisions\/11879"}],"wp:featuredmedia":[{"embeddable":true,"href":"https:\/\/www.egemtv.com\/index.php?rest_route=\/wp\/v2\/media\/11878"}],"wp:attachment":[{"href":"https:\/\/www.egemtv.com\/index.php?rest_route=%2Fwp%2Fv2%2Fmedia&parent=11877"}],"wp:term":[{"taxonomy":"category","embeddable":true,"href":"https:\/\/www.egemtv.com\/index.php?rest_route=%2Fwp%2Fv2%2Fcategories&post=11877"},{"taxonomy":"post_tag","embeddable":true,"href":"https:\/\/www.egemtv.com\/index.php?rest_route=%2Fwp%2Fv2%2Ftags&post=11877"}],"curies":[{"name":"wp","href":"https:\/\/api.w.org\/{rel}","templated":true}]}}