{"id":11874,"date":"2025-01-24T09:19:16","date_gmt":"2025-01-24T06:19:16","guid":{"rendered":"https:\/\/www.egemtv.com\/?p=11874"},"modified":"2025-01-24T09:19:18","modified_gmt":"2025-01-24T06:19:18","slug":"usak-universitesi-egitim-ve-saglik-bilimlerinde-dunya-siralamasinda-yerini-aldi","status":"publish","type":"post","link":"https:\/\/www.egemtv.com\/?p=11874","title":{"rendered":"U\u015fak \u00dcniversitesi \u2018E\u011fitim\u2019 ve \u2018Sa\u011fl\u0131k Bilimleri\u2019nde d\u00fcnya s\u0131ralamas\u0131nda yerini ald\u0131"},"content":{"rendered":"<p>Times Higher Education (THE) World University Rankings by Subject (Alan Bazl\u0131 D\u00fcnya \u00dcniversite S\u0131ralamalar\u0131) a\u00e7\u0131kland\u0131. 2025 D\u00fcnya \u00dcniversite S\u0131ralamas\u0131na girme ba\u015far\u0131s\u0131 g\u00f6steren y\u00fcksek\u00f6\u011fretim kurumlar\u0131 aras\u0131nda yap\u0131lan de\u011ferlendirmede U\u015fak \u00dcniversitesi alan bazl\u0131 s\u0131ralamalarda da yerini ald\u0131.<\/p>\n<p>Bu y\u0131lki s\u0131ralamalar, E\u011fitim-\u00d6\u011fretim, Ara\u015ft\u0131rma Ortam\u0131, Ara\u015ft\u0131rma Kalitesi, Sanayi \u0130\u015fbirli\u011fi ve Uluslararas\u0131 G\u00f6r\u00fcn\u00fcm gibi be\u015f temel s\u00fctun alt\u0131nda kategorize edilen, 11 alan ba\u015fl\u0131\u011f\u0131 \u00e7er\u00e7evesinde yap\u0131ld\u0131.  Alan bazl\u0131 s\u0131ralamalarda U\u015fak \u00dcniversitesi, \u2018E\u011fitim Bilimleri\u2019 alan\u0131nda T\u00fcrkiye\u2019den s\u0131ralamaya giren 35 \u00fcniversite aras\u0131nda 601+ band\u0131nda yer alan 12-35 \u00fcniversite diliminde yer ald\u0131.<br \/>\n<br \/>Listede \u2018Sa\u011fl\u0131k Bilimleri\u2019 alan\u0131nda T\u00fcrkiye\u2019den s\u0131ralamaya giren 59 \u00fcniversite aras\u0131nda 1001+ band\u0131nda 25-59 \u00fcniversite diliminde yer alan U\u015fak \u00dcniversitesi ayr\u0131ca \u2018E\u011fitim Bilimleri\u2019 alan\u0131n\u0131n alt kategorisi olan \u2018Uluslararas\u0131 G\u00f6r\u00fcn\u00fcm\u2019 ba\u015fl\u0131\u011f\u0131nda T\u00fcrkiye\u2019de 5\u2019inci s\u0131rada yer alma ba\u015far\u0131s\u0131 g\u00f6sterdi.<\/p>\n<p>\u201cU\u015fak \u00dcniversitesi istikrarl\u0131 bir \u015fekilde uluslararas\u0131 s\u0131ralamalarda yer almaya devam ediyor\u201d<br \/>\n<br \/>U\u015fak \u00dcniversitesi\u2019nin istikrarl\u0131 bir \u015fekilde uluslararas\u0131 s\u0131ralamalarda yer almaya devam etti\u011fini belirten Rekt\u00f6r Prof. Dr. Ekrem Sava\u015f THE 2025 D\u00fcnya \u00dcniversiteleri S\u0131ralamas\u0131 alan bazl\u0131 de\u011ferlendirmede \u2018E\u011fitim\u2019 ve \u2018Sa\u011fl\u0131k Bilimleri\u2019 alanlar\u0131nda elde edilen ba\u015far\u0131dan dolay\u0131 mutlu olduklar\u0131n\u0131 ifade etti. Rekt\u00f6r Sava\u015f, U\u015fak \u00dcniversitesinin b\u00f6lgesel, ulusal ve uluslararas\u0131 ba\u015far\u0131lar\u0131n\u0131n \u00e7ok \u00e7al\u0131\u015fman\u0131n bir eseri oldu\u011funu s\u00f6yleyerek a\u00e7\u0131klamas\u0131nda \u015funlar\u0131 kaydetti:<br \/>\n<br \/>\u2018\u2018U\u015fak \u00dcniversitesi olarak ulusal ve uluslararas\u0131 s\u0131ralamalarda istikrarl\u0131 bir \u015fekilde y\u00fckselmeye devam ediyoruz. THE 2025 D\u00fcnya \u00dcniversite S\u0131ralamalar\u0131nda \u00f6zellikle \u2018E\u011fitim Bilimleri\u2019 ve \u2018Sa\u011fl\u0131k Bilimleri\u2019 alanlar\u0131nda elde etti\u011fimiz ba\u015far\u0131lar, \u00fcniversitemizin nitelikli e\u011fitim anlay\u0131\u015f\u0131n\u0131 ve ara\u015ft\u0131rma kapasitesini ortaya koymaktad\u0131r. \u2018E\u011fitim Bilimleri\u2019 alan\u0131ndaki \u2018Uluslararas\u0131 G\u00f6r\u00fcn\u00fcm\u2019 kategorisindeki ba\u015far\u0131m\u0131z, \u00fcniversitemizin k\u00fcresel \u00f6l\u00e7ekteki itibar\u0131n\u0131 bir kez daha teyit etmi\u015ftir. Bu ba\u015far\u0131, \u00fcniversite olarak bilime, e\u011fitime ve i\u015f birli\u011fine verdi\u011fimiz \u00f6nemin bir g\u00f6stergesidir. Gelecek y\u0131llarda bu ba\u015far\u0131lar\u0131m\u0131z\u0131 daha da ileriye ta\u015f\u0131yaca\u011f\u0131m\u0131za olan inanc\u0131m tamd\u0131r. Eme\u011fi ge\u00e7en t\u00fcm U\u015fak \u00dcniversitesi ailesine, desteklerinden dolay\u0131 Y\u00d6K Ba\u015fkan\u0131 Prof. Dr. Erol \u00d6zvar\u2019a ve Y\u00d6K \u00fcyelerine te\u015fekk\u00fcr ediyorum\u201d<br \/><\/p>\n","protected":false},"excerpt":{"rendered":"<p>Times Higher Education (THE) World University Rankings by Subject (Alan Bazl\u0131 D\u00fcnya \u00dcniversite S\u0131ralamalar\u0131) a\u00e7\u0131kland\u0131. 2025 D\u00fcnya \u00dcniversite S\u0131ralamas\u0131na girme ba\u015far\u0131s\u0131 g\u00f6steren y\u00fcksek\u00f6\u011fretim kurumlar\u0131 aras\u0131nda yap\u0131lan de\u011ferlendirmede U\u015fak \u00dcniversitesi alan bazl\u0131 s\u0131ralamalarda da yerini ald\u0131. Bu y\u0131lki s\u0131ralamalar, E\u011fitim-\u00d6\u011fretim, Ara\u015ft\u0131rma Ortam\u0131, Ara\u015ft\u0131rma Kalitesi, Sanayi \u0130\u015fbirli\u011fi ve Uluslararas\u0131 G\u00f6r\u00fcn\u00fcm gibi be\u015f temel s\u00fctun alt\u0131nda kategorize edilen,&#8230;<\/p>\n","protected":false},"author":1,"featured_media":11875,"comment_status":"open","ping_status":"open","sticky":false,"template":"","format":"standard","meta":{"_crdt_document":"","footnotes":""},"categories":[1],"tags":[],"class_list":["post-11874","post","type-post","status-publish","format-standard","has-post-thumbnail","hentry","category-guncel"],"_links":{"self":[{"href":"https:\/\/www.egemtv.com\/index.php?rest_route=\/wp\/v2\/posts\/11874","targetHints":{"allow":["GET"]}}],"collection":[{"href":"https:\/\/www.egemtv.com\/index.php?rest_route=\/wp\/v2\/posts"}],"about":[{"href":"https:\/\/www.egemtv.com\/index.php?rest_route=\/wp\/v2\/types\/post"}],"author":[{"embeddable":true,"href":"https:\/\/www.egemtv.com\/index.php?rest_route=\/wp\/v2\/users\/1"}],"replies":[{"embeddable":true,"href":"https:\/\/www.egemtv.com\/index.php?rest_route=%2Fwp%2Fv2%2Fcomments&post=11874"}],"version-history":[{"count":1,"href":"https:\/\/www.egemtv.com\/index.php?rest_route=\/wp\/v2\/posts\/11874\/revisions"}],"predecessor-version":[{"id":11876,"href":"https:\/\/www.egemtv.com\/index.php?rest_route=\/wp\/v2\/posts\/11874\/revisions\/11876"}],"wp:featuredmedia":[{"embeddable":true,"href":"https:\/\/www.egemtv.com\/index.php?rest_route=\/wp\/v2\/media\/11875"}],"wp:attachment":[{"href":"https:\/\/www.egemtv.com\/index.php?rest_route=%2Fwp%2Fv2%2Fmedia&parent=11874"}],"wp:term":[{"taxonomy":"category","embeddable":true,"href":"https:\/\/www.egemtv.com\/index.php?rest_route=%2Fwp%2Fv2%2Fcategories&post=11874"},{"taxonomy":"post_tag","embeddable":true,"href":"https:\/\/www.egemtv.com\/index.php?rest_route=%2Fwp%2Fv2%2Ftags&post=11874"}],"curies":[{"name":"wp","href":"https:\/\/api.w.org\/{rel}","templated":true}]}}