{"id":11871,"date":"2025-01-23T21:31:03","date_gmt":"2025-01-23T18:31:03","guid":{"rendered":"https:\/\/www.egemtv.com\/?p=11871"},"modified":"2025-01-23T21:31:05","modified_gmt":"2025-01-23T18:31:05","slug":"fethiyede-kan-donduran-cinayetin-iddianamesi-hazirlandi","status":"publish","type":"post","link":"https:\/\/www.egemtv.com\/?p=11871","title":{"rendered":"Fethiye\u2019de kan donduran cinayetin iddianamesi haz\u0131rland\u0131"},"content":{"rendered":"<p>Mu\u011fla\u2019n\u0131n Fethiye il\u00e7esinde 3 ki\u015finin \u00f6ld\u00fc\u011f\u00fc, 2 ki\u015finin de yaraland\u0131\u011f\u0131 olayla ilgili haz\u0131rlanan iddianamede tutuklu san\u0131k hakk\u0131nda, 2 ayr\u0131 a\u011f\u0131rla\u015ft\u0131r\u0131lm\u0131\u015f m\u00fcebbet ve 3 ayr\u0131 m\u00fcebbet hapis cezas\u0131 istendi.<br \/>\n<br \/>Mu\u011fla\u2019n\u0131n Fethiye il\u00e7esinde 29 Haziran 2024 g\u00fcn\u00fc sabah saatlerinde meydana gelen olayda tutuklu san\u0131k 41 ya\u015f\u0131ndaki \u00d6zcan A., kay\u0131nvalidesi, kay\u0131npederi ve havuzda \u00e7al\u0131\u015fan g\u00f6revliyi tabanca ile \u00f6ld\u00fcr\u00fcp, ard\u0131ndan Esat U.\u2019nun evine giderek ruhsatl\u0131 tabancas\u0131 ile konut dokunulmazl\u0131\u011f\u0131n\u0131 ihlal edip, kur\u015fun ya\u011fd\u0131rarak Esat U. ve beraberindeki Serdar G.\u2019yi da yaralam\u0131\u015ft\u0131. Karake\u00e7ililer Mahallesi\u2019ndeki cinayet olayla ilgili Fethiye Cumhuriyet Ba\u015fsavc\u0131l\u0131\u011f\u0131 taraf\u0131ndan haz\u0131rlanan iddianamede tutuklu san\u0131k \u00d6zcan A. i\u00e7in 2 ayr\u0131 a\u011f\u0131rla\u015ft\u0131r\u0131lm\u0131\u015f m\u00fcebbet ile 3 ayr\u0131 m\u00fcebbet hapis cezas\u0131 istendi.<br \/>\n<br \/>Olayla ilgili Fethiye Cumhuriyet Ba\u015fsavc\u0131l\u0131\u011f\u0131 tutuklu san\u0131k \u00d6zcan A. i\u00e7in iddianamesini tamamlad\u0131. Cumhuriyet Ba\u015fsavc\u0131l\u0131\u011f\u0131\u2019n\u0131n haz\u0131rlad\u0131\u011f\u0131 iddianame Fethiye 3.A\u011f\u0131r Ceza Mahkemesi\u2019nce kabul edildi. \u0130ddianameye g\u00f6re, tutuklu \u015f\u00fcphelinin 29 Haziran 2024 g\u00fcn\u00fc saat 07.00 s\u0131ralar\u0131nda e\u015fi N.A.\u2019y\u0131 a\u015f\u0131r\u0131 k\u0131skanmas\u0131ndan dolay\u0131 tart\u0131\u015ft\u0131\u011f\u0131 kay\u0131nvalidesi Adile Aysu (52) ve kay\u0131npederi \u015e\u00fckr\u00fc Aysu\u2019yu (53) evlerindeki ruhsatl\u0131 tabancas\u0131yla \u00f6ld\u00fcrd\u00fc. E\u015fini sorup cevap alamad\u0131\u011f\u0131 iddias\u0131yla kay\u0131nvalidesi ve kay\u0131npederini \u00f6ld\u00fcren \u00d6zcan A. ard\u0131ndan \u00f6nceye dayal\u0131 bir husumet olmayan Kuyuba\u015f\u0131 Sokak\u2019ta bulunan ve havuz i\u015fi yapan Muhammet Akbaba\u2019n\u0131n (49) evine gitti. Akbaba\u2019n\u0131n r\u0131zas\u0131na ayk\u0131r\u0131 olarak girdi\u011fi evde Muhammet Akbaba\u2019y\u0131 ba\u015f, g\u00f6vde ve ayaklar\u0131na do\u011fru birden \u00e7ok kez ate\u015f ederek \u00f6ld\u00fcrd\u00fc. Daha sonra cinnet getiren \u00d6zcan A. saat 07.30 s\u0131ralar\u0131nda Ke\u00e7iler Sokak\u2019taki Esat U.\u2019ya ait eve giderek, ruhsatl\u0131 tabancas\u0131 ile eve izinsiz girip, burada &#8220;Anneni, baban\u0131 \u00f6ld\u00fcrd\u00fcm&#8221; diye ba\u011f\u0131r\u0131p evden ayr\u0131ld\u0131. Yakla\u015f\u0131k 19 dakika sonra ayn\u0131 adrese tekrar gelen \u00d6zcan A., Esat U.\u2019ya ait evin bah\u00e7e duvar\u0131n\u0131n \u00fczerine \u00e7\u0131k\u0131p e\u015fi N.A.\u2019y\u0131 sordu. Esat U.\u2019nun &#8220;\u00d6yle biri burada yok&#8221; cevab\u0131yla deliye d\u00f6nen \u00d6zcan A., Esat U. ve Serdar G.\u2019ye yakla\u015f\u0131k 10 kez ate\u015f ederek yaralad\u0131.<br \/>\n<br \/>&#8220;Canavarca hisle kasten \u00f6ld\u00fcrme&#8221; eylemlerinin ger\u00e7ekle\u015ftirildi\u011fine dikkat \u00e7ekilen iddianamede tutuklu san\u0131k \u00d6zcan A.\u2019n\u0131n, kay\u0131nvalidesi Adile Aysu\u2019yu kasten \u00f6ld\u00fcrmekten ve kad\u0131na kar\u015f\u0131 \u015fiddetten, a\u011f\u0131rla\u015ft\u0131r\u0131lm\u0131\u015f m\u00fcebbet hapis cezas\u0131 istenirken, havuz i\u015fi yapan Muhammet Akbaba\u2019y\u0131 kasten canavarca hisle \u00f6ld\u00fcrmekten yine a\u011f\u0131rla\u015ft\u0131r\u0131lm\u0131\u015f m\u00fcebbet hapis cezas\u0131na \u00e7arpt\u0131r\u0131lmas\u0131 istendi. \u00d6zcan A.\u2019n\u0131n kay\u0131npederi \u015e\u00fckr\u00fc Aysu\u2019yu kasten \u00f6ld\u00fcrmekten m\u00fcebbet hapis cezas\u0131na \u00e7arpt\u0131r\u0131lmas\u0131n\u0131n istendi\u011fi iddianamenin devam\u0131nda Esat U. ve Serdar G.\u2019yi de kasten \u00f6ld\u00fcrmeye te\u015febb\u00fcsten 2 ayr\u0131 m\u00fcebbet hapis cezas\u0131na \u00e7arpt\u0131r\u0131lmas\u0131 istedi. \u00d6zcan A.\u2019n\u0131n ayr\u0131ca konut dokunulmazl\u0131\u011f\u0131n\u0131 ihlal, mala zarar verme su\u00e7lar\u0131n\u0131 da i\u015fledi\u011fi iddianamede yer al\u0131rken, \u00d6zcan A.\u2019n\u0131n olayla ilgili olarak 2 ayr\u0131 a\u011f\u0131rla\u015ft\u0131r\u0131lm\u0131\u015f m\u00fcebbet, 3 ayr\u0131 m\u00fcebbet hapis cezas\u0131 istemiyle \u00f6n\u00fcm\u00fczdeki aylarda hakim kar\u015f\u0131s\u0131na \u00e7\u0131kmas\u0131 bekleniyor.<br \/><\/p>\n","protected":false},"excerpt":{"rendered":"<p>Mu\u011fla\u2019n\u0131n Fethiye il\u00e7esinde 3 ki\u015finin \u00f6ld\u00fc\u011f\u00fc, 2 ki\u015finin de yaraland\u0131\u011f\u0131 olayla ilgili haz\u0131rlanan iddianamede tutuklu san\u0131k hakk\u0131nda, 2 ayr\u0131 a\u011f\u0131rla\u015ft\u0131r\u0131lm\u0131\u015f m\u00fcebbet ve 3 ayr\u0131 m\u00fcebbet hapis cezas\u0131 istendi. Mu\u011fla\u2019n\u0131n Fethiye il\u00e7esinde 29 Haziran 2024 g\u00fcn\u00fc sabah saatlerinde meydana gelen olayda tutuklu san\u0131k 41 ya\u015f\u0131ndaki \u00d6zcan A., kay\u0131nvalidesi, kay\u0131npederi ve havuzda \u00e7al\u0131\u015fan g\u00f6revliyi tabanca ile \u00f6ld\u00fcr\u00fcp,&#8230;<\/p>\n","protected":false},"author":1,"featured_media":11872,"comment_status":"open","ping_status":"open","sticky":false,"template":"","format":"standard","meta":{"_crdt_document":"","footnotes":""},"categories":[5],"tags":[],"class_list":["post-11871","post","type-post","status-publish","format-standard","has-post-thumbnail","hentry","category-asayis"],"_links":{"self":[{"href":"https:\/\/www.egemtv.com\/index.php?rest_route=\/wp\/v2\/posts\/11871","targetHints":{"allow":["GET"]}}],"collection":[{"href":"https:\/\/www.egemtv.com\/index.php?rest_route=\/wp\/v2\/posts"}],"about":[{"href":"https:\/\/www.egemtv.com\/index.php?rest_route=\/wp\/v2\/types\/post"}],"author":[{"embeddable":true,"href":"https:\/\/www.egemtv.com\/index.php?rest_route=\/wp\/v2\/users\/1"}],"replies":[{"embeddable":true,"href":"https:\/\/www.egemtv.com\/index.php?rest_route=%2Fwp%2Fv2%2Fcomments&post=11871"}],"version-history":[{"count":1,"href":"https:\/\/www.egemtv.com\/index.php?rest_route=\/wp\/v2\/posts\/11871\/revisions"}],"predecessor-version":[{"id":11873,"href":"https:\/\/www.egemtv.com\/index.php?rest_route=\/wp\/v2\/posts\/11871\/revisions\/11873"}],"wp:featuredmedia":[{"embeddable":true,"href":"https:\/\/www.egemtv.com\/index.php?rest_route=\/wp\/v2\/media\/11872"}],"wp:attachment":[{"href":"https:\/\/www.egemtv.com\/index.php?rest_route=%2Fwp%2Fv2%2Fmedia&parent=11871"}],"wp:term":[{"taxonomy":"category","embeddable":true,"href":"https:\/\/www.egemtv.com\/index.php?rest_route=%2Fwp%2Fv2%2Fcategories&post=11871"},{"taxonomy":"post_tag","embeddable":true,"href":"https:\/\/www.egemtv.com\/index.php?rest_route=%2Fwp%2Fv2%2Ftags&post=11871"}],"curies":[{"name":"wp","href":"https:\/\/api.w.org\/{rel}","templated":true}]}}