{"id":11868,"date":"2025-01-23T20:37:02","date_gmt":"2025-01-23T17:37:02","guid":{"rendered":"https:\/\/www.egemtv.com\/?p=11868"},"modified":"2025-01-23T20:37:04","modified_gmt":"2025-01-23T17:37:04","slug":"kocarlinin-sevilen-esnafi-evinde-olu-bulundu","status":"publish","type":"post","link":"https:\/\/www.egemtv.com\/?p=11868","title":{"rendered":"Ko\u00e7arl\u0131\u2019n\u0131n sevilen esnaf\u0131 evinde \u00f6l\u00fc bulundu"},"content":{"rendered":"<p>Ayd\u0131n\u2019\u0131n Ko\u00e7arl\u0131 il\u00e7esinin sevilen esnaflar\u0131ndan Onur \u00c7oban (35) ak\u015fam saatlerinde evinde \u00f6l\u00fc bulundu.<br \/>\n<br \/>Olay, Ko\u00e7arl\u0131 il\u00e7esi Orta Mahalle\u2019de meydana geldi. Edinilen bilgiye g\u00f6re 35 ya\u015f\u0131ndaki Onur \u00c7oban, sabah i\u015fe gitmeyince \u00e7\u0131ra\u011f\u0131 kendisine ula\u015fmaya \u00e7al\u0131\u015ft\u0131. G\u00fcn i\u00e7erisinde kendisinden haber al\u0131namayan \u00c7oban\u2019\u0131n annesi ak\u015fam \u00fczeri zeytin toplamadan d\u00f6nd\u00fc\u011f\u00fcnde o\u011flunu evde as\u0131l\u0131 halde buldu. Durumun 112 Acil \u00c7a\u011fr\u0131 Merkezi\u2019ne bildirilmesinin ard\u0131ndan b\u00f6lgeye polis ve sa\u011fl\u0131k ekipleri sevk edildi. K\u0131sa s\u00fcrede olay yerine gelen sa\u011fl\u0131k ekipleri, gen\u00e7 adam\u0131n hayat\u0131n\u0131 kaybetti\u011fini belirledi. E\u015finden ayr\u0131 ya\u015fad\u0131\u011f\u0131 \u00f6\u011frenilen ve 1 \u00e7ocuk babas\u0131 Onur \u00c7oban\u2019\u0131n ani \u00f6l\u00fcm\u00fc ailesi ve sevenlerini yasa bo\u011farken, olayla ilgili soru\u015fturma ba\u015flat\u0131ld\u0131.<br \/><\/p>\n","protected":false},"excerpt":{"rendered":"<p>Ayd\u0131n\u2019\u0131n Ko\u00e7arl\u0131 il\u00e7esinin sevilen esnaflar\u0131ndan Onur \u00c7oban (35) ak\u015fam saatlerinde evinde \u00f6l\u00fc bulundu. Olay, Ko\u00e7arl\u0131 il\u00e7esi Orta Mahalle\u2019de meydana geldi. Edinilen bilgiye g\u00f6re 35 ya\u015f\u0131ndaki Onur \u00c7oban, sabah i\u015fe gitmeyince \u00e7\u0131ra\u011f\u0131 kendisine ula\u015fmaya \u00e7al\u0131\u015ft\u0131. G\u00fcn i\u00e7erisinde kendisinden haber al\u0131namayan \u00c7oban\u2019\u0131n annesi ak\u015fam \u00fczeri zeytin toplamadan d\u00f6nd\u00fc\u011f\u00fcnde o\u011flunu evde as\u0131l\u0131 halde buldu. Durumun 112 Acil \u00c7a\u011fr\u0131&#8230;<\/p>\n","protected":false},"author":1,"featured_media":11869,"comment_status":"open","ping_status":"open","sticky":false,"template":"","format":"standard","meta":{"_crdt_document":"","footnotes":""},"categories":[5],"tags":[],"class_list":["post-11868","post","type-post","status-publish","format-standard","has-post-thumbnail","hentry","category-asayis"],"_links":{"self":[{"href":"https:\/\/www.egemtv.com\/index.php?rest_route=\/wp\/v2\/posts\/11868","targetHints":{"allow":["GET"]}}],"collection":[{"href":"https:\/\/www.egemtv.com\/index.php?rest_route=\/wp\/v2\/posts"}],"about":[{"href":"https:\/\/www.egemtv.com\/index.php?rest_route=\/wp\/v2\/types\/post"}],"author":[{"embeddable":true,"href":"https:\/\/www.egemtv.com\/index.php?rest_route=\/wp\/v2\/users\/1"}],"replies":[{"embeddable":true,"href":"https:\/\/www.egemtv.com\/index.php?rest_route=%2Fwp%2Fv2%2Fcomments&post=11868"}],"version-history":[{"count":1,"href":"https:\/\/www.egemtv.com\/index.php?rest_route=\/wp\/v2\/posts\/11868\/revisions"}],"predecessor-version":[{"id":11870,"href":"https:\/\/www.egemtv.com\/index.php?rest_route=\/wp\/v2\/posts\/11868\/revisions\/11870"}],"wp:featuredmedia":[{"embeddable":true,"href":"https:\/\/www.egemtv.com\/index.php?rest_route=\/wp\/v2\/media\/11869"}],"wp:attachment":[{"href":"https:\/\/www.egemtv.com\/index.php?rest_route=%2Fwp%2Fv2%2Fmedia&parent=11868"}],"wp:term":[{"taxonomy":"category","embeddable":true,"href":"https:\/\/www.egemtv.com\/index.php?rest_route=%2Fwp%2Fv2%2Fcategories&post=11868"},{"taxonomy":"post_tag","embeddable":true,"href":"https:\/\/www.egemtv.com\/index.php?rest_route=%2Fwp%2Fv2%2Ftags&post=11868"}],"curies":[{"name":"wp","href":"https:\/\/api.w.org\/{rel}","templated":true}]}}