{"id":11862,"date":"2025-01-23T18:36:59","date_gmt":"2025-01-23T15:36:59","guid":{"rendered":"https:\/\/www.egemtv.com\/?p=11862"},"modified":"2025-01-23T18:37:01","modified_gmt":"2025-01-23T15:37:01","slug":"manisali-gazeteciler-afyon-il-emniyet-muduru-mahmut-ayi-ziyaret-etti","status":"publish","type":"post","link":"https:\/\/www.egemtv.com\/?p=11862","title":{"rendered":"Manisal\u0131 Gazeteciler,  Afyon \u0130l Emniyet M\u00fcd\u00fcr\u00fc Mahmut Ay\u2019\u0131 ziyaret etti"},"content":{"rendered":"<p>Bas\u0131n \u0130lan Kurumu\u2019nun 33. D\u00f6nem Genel Kurul Temsilcileri Se\u00e7imi i\u00e7in Ankara\u2019da bir dizi temaslarda bulunan Manisal\u0131 gazeteciler, Manisa\u2019ya d\u00f6n\u00fc\u015f yolunda bir d\u00f6nem Manisa \u0130l Emniyet M\u00fcd\u00fcr Yard\u0131mc\u0131l\u0131\u011f\u0131 g\u00f6revini yapan Afyonkarahisar \u0130l Emniyet M\u00fcd\u00fcr\u00fc Mahmut Ay\u2019\u0131 makam\u0131nda ziyaret etti.<br \/>\n<br \/>Kula Haber Gazetesi Genel Koordinat\u00f6r\u00fc ve \u0130hlas Haber Ajans\u0131 Kula Muhabiri Hasan Yi\u011fen, Salihli Sekt\u00f6r Gazetesi ve \u0130hlas Haber Ajans\u0131 Salihli muhabiri Behzat Akcan, Turgutlu Gazeteciler Cemiyet Ba\u015fkan\u0131 \u0130hlas Haber Ajans\u0131 Turgutlu muhabiri Serkan Tatl\u0131 ve Manisa Aktif Haber Muhabiri Serkan \u00d6zcan ile birlikte Bas\u0131n \u0130lan Kurumu\u2019nun Ankara\u2019da TOBB\u2019da d\u00fczenlenen 33. D\u00f6nem Genel Kurul Temsilcileri Se\u00e7imi\u2019ne kat\u0131ld\u0131. Manisal\u0131 gazeteciler, Ankara\u2019daki programlar\u0131n\u0131n ard\u0131ndan Manisa\u2019ya d\u00f6n\u00fc\u015f yolunda Afyonkarahisar \u0130l Emniyet M\u00fcd\u00fcr\u00fc Mahmut Ay\u2019\u0131 makam\u0131nda ziyaret etti. Bir d\u00f6nem Manisa \u0130l Emniyet M\u00fcd\u00fcr Yard\u0131mc\u0131l\u0131\u011f\u0131 g\u00f6revini y\u00fcr\u00fcten ve Manisa bas\u0131n\u0131 ile kuvvetli bir ba\u011f\u0131 bulunan Emniyet M\u00fcd\u00fcr\u00fc Mehmet Ay ile bir s\u00fcre sohbet eden gazeteciler, hem hat\u0131ralar\u0131n\u0131 tazeledi hem de g\u00fcncel konular hakk\u0131nda g\u00f6r\u00fc\u015f al\u0131\u015fveri\u015finde bulundu.<br \/>\n<br \/>Ziyaretten duydu\u011fu memnuniyeti dile getiren Afyonkarahisar \u0130l Emniyet M\u00fcd\u00fcr\u00fc Mahmut Ay, Manisal\u0131 gazetecilerin ziyaretinden dolay\u0131 mutlu oldu\u011funu ifade ederek ziyarette bulunan heyet vas\u0131tas\u0131 ile t\u00fcm Manisa bas\u0131n\u0131na \u00e7al\u0131\u015fmalar\u0131nda kolayl\u0131klar diledi.<br \/><\/p>\n","protected":false},"excerpt":{"rendered":"<p>Bas\u0131n \u0130lan Kurumu\u2019nun 33. D\u00f6nem Genel Kurul Temsilcileri Se\u00e7imi i\u00e7in Ankara\u2019da bir dizi temaslarda bulunan Manisal\u0131 gazeteciler, Manisa\u2019ya d\u00f6n\u00fc\u015f yolunda bir d\u00f6nem Manisa \u0130l Emniyet M\u00fcd\u00fcr Yard\u0131mc\u0131l\u0131\u011f\u0131 g\u00f6revini yapan Afyonkarahisar \u0130l Emniyet M\u00fcd\u00fcr\u00fc Mahmut Ay\u2019\u0131 makam\u0131nda ziyaret etti. Kula Haber Gazetesi Genel Koordinat\u00f6r\u00fc ve \u0130hlas Haber Ajans\u0131 Kula Muhabiri Hasan Yi\u011fen, Salihli Sekt\u00f6r Gazetesi ve&#8230;<\/p>\n","protected":false},"author":1,"featured_media":11863,"comment_status":"open","ping_status":"open","sticky":false,"template":"","format":"standard","meta":{"_crdt_document":"","footnotes":""},"categories":[123],"tags":[],"class_list":["post-11862","post","type-post","status-publish","format-standard","has-post-thumbnail","hentry","category-gundem"],"_links":{"self":[{"href":"https:\/\/www.egemtv.com\/index.php?rest_route=\/wp\/v2\/posts\/11862","targetHints":{"allow":["GET"]}}],"collection":[{"href":"https:\/\/www.egemtv.com\/index.php?rest_route=\/wp\/v2\/posts"}],"about":[{"href":"https:\/\/www.egemtv.com\/index.php?rest_route=\/wp\/v2\/types\/post"}],"author":[{"embeddable":true,"href":"https:\/\/www.egemtv.com\/index.php?rest_route=\/wp\/v2\/users\/1"}],"replies":[{"embeddable":true,"href":"https:\/\/www.egemtv.com\/index.php?rest_route=%2Fwp%2Fv2%2Fcomments&post=11862"}],"version-history":[{"count":1,"href":"https:\/\/www.egemtv.com\/index.php?rest_route=\/wp\/v2\/posts\/11862\/revisions"}],"predecessor-version":[{"id":11864,"href":"https:\/\/www.egemtv.com\/index.php?rest_route=\/wp\/v2\/posts\/11862\/revisions\/11864"}],"wp:featuredmedia":[{"embeddable":true,"href":"https:\/\/www.egemtv.com\/index.php?rest_route=\/wp\/v2\/media\/11863"}],"wp:attachment":[{"href":"https:\/\/www.egemtv.com\/index.php?rest_route=%2Fwp%2Fv2%2Fmedia&parent=11862"}],"wp:term":[{"taxonomy":"category","embeddable":true,"href":"https:\/\/www.egemtv.com\/index.php?rest_route=%2Fwp%2Fv2%2Fcategories&post=11862"},{"taxonomy":"post_tag","embeddable":true,"href":"https:\/\/www.egemtv.com\/index.php?rest_route=%2Fwp%2Fv2%2Ftags&post=11862"}],"curies":[{"name":"wp","href":"https:\/\/api.w.org\/{rel}","templated":true}]}}