{"id":11859,"date":"2025-01-23T17:53:10","date_gmt":"2025-01-23T14:53:10","guid":{"rendered":"https:\/\/www.egemtv.com\/?p=11859"},"modified":"2025-01-23T17:53:13","modified_gmt":"2025-01-23T14:53:13","slug":"altinordu-iki-gurbetciyi-kadrosuna-katti","status":"publish","type":"post","link":"https:\/\/www.egemtv.com\/?p=11859","title":{"rendered":"Alt\u0131nordu, iki gurbet\u00e7iyi kadrosuna katt\u0131"},"content":{"rendered":"<p>Alt\u0131nordu, FC Bocholt\u2019da forma giyen 21 ya\u015f\u0131ndaki sol bek Ali Barak ve Salzburg 2 tak\u0131m\u0131nda forma giyen 19 ya\u015f\u0131ndaki orta saha oyuncusu Alparslan Baran\u2019\u0131 kadrosuna katt\u0131.<br \/>\n<br \/>TFF 2. Lig Beyaz Grup ekiplerinden Alt\u0131nordu, ara transfer d\u00f6neminin gelmesiyle birlikte takviyelere ba\u015flad\u0131. \u0130zmir ekibi iki takviye birden yaparak kadrosunu g\u00fc\u00e7lendirdi. K\u0131rm\u0131z\u0131-lacivertliler, FC Bocholt\u2019da forma giyen 21 ya\u015f\u0131ndaki sol bek Ali Barak ve Red Bull Salzburg 2 tak\u0131m\u0131nda forma giyen 19 ya\u015f\u0131ndaki orta saha oyuncusu Alparslan Baran\u2019\u0131 kadrosuna katt\u0131. \u0130ki futbolcu ile de 2.5 y\u0131ll\u0131k s\u00f6zle\u015fme imzaland\u0131.<\/p>\n<p>Alpaslan Baran: \u201cGeli\u015fimimiz i\u00e7in burada her \u015fey var\u201d<br \/>\n<br \/>D\u00fczenlenen imza t\u00f6rende a\u00e7\u0131klamalarda bulunan yeni transfer Alpaslan Baran, \u201cAlt\u0131nordu\u2019nun bana g\u00fcvenini biliyorum. \u00c7ok \u00e7al\u0131\u015farak bu forman\u0131n hakk\u0131n\u0131 vermeyi \u00e7ok istiyorum. \u00c7ok zorlu bir s\u00fcre\u00e7ten ge\u00e7tim. Sab\u0131rla bekledim. \u015eimdi Alt\u0131nordu\u2019ya imza att\u0131m. \u015eampiyonluk yolunda tak\u0131m\u0131n bir par\u00e7as\u0131 olmak i\u00e7in elimden geleni yapaca\u011f\u0131m. Salzburg\u2019dan geliyorum. Oradan daha g\u00fczel bir tesis hayal etmek zor, orada her \u015fey vard\u0131. Buras\u0131 da o kadar g\u00fczel. Geli\u015fimimiz i\u00e7in burada her \u015fey var. \u0130n\u015fallah burada ba\u015far\u0131l\u0131 oluruz\u201d diye konu\u015ftu.<\/p>\n<p>Ali Barak: \u201c\u00c7ok \u00e7al\u0131\u015faca\u011f\u0131m\u201d<br \/>\n<br \/>Alt\u0131nordu\u2019nun bir di\u011fer yeni transferi Ali Barak da Alt\u0131nordu\u2019ya geldi\u011fi i\u00e7in \u00e7ok mutlu oldu\u011funu vurgulayarak, \u201cFormay\u0131 kazanmak i\u00e7i var g\u00fcc\u00fcmle \u00e7al\u0131\u015faca\u011f\u0131m. Alt\u0131nordu\u2019nun tesisleri ve imkanlar\u0131 \u00e7ok g\u00fczel. Ba\u015far\u0131l\u0131 olmak i\u00e7in \u00e7ok \u00e7al\u0131\u015faca\u011f\u0131m ve tak\u0131m\u0131m i\u00e7in elimden geleni yapaca\u011f\u0131m\u201d \u015feklinde konu\u015ftu.<br \/><\/p>\n","protected":false},"excerpt":{"rendered":"<p>Alt\u0131nordu, FC Bocholt\u2019da forma giyen 21 ya\u015f\u0131ndaki sol bek Ali Barak ve Salzburg 2 tak\u0131m\u0131nda forma giyen 19 ya\u015f\u0131ndaki orta saha oyuncusu Alparslan Baran\u2019\u0131 kadrosuna katt\u0131. TFF 2. Lig Beyaz Grup ekiplerinden Alt\u0131nordu, ara transfer d\u00f6neminin gelmesiyle birlikte takviyelere ba\u015flad\u0131. \u0130zmir ekibi iki takviye birden yaparak kadrosunu g\u00fc\u00e7lendirdi. K\u0131rm\u0131z\u0131-lacivertliler, FC Bocholt\u2019da forma giyen 21 ya\u015f\u0131ndaki&#8230;<\/p>\n","protected":false},"author":1,"featured_media":11860,"comment_status":"open","ping_status":"open","sticky":false,"template":"","format":"standard","meta":{"_crdt_document":"","footnotes":""},"categories":[4],"tags":[],"class_list":["post-11859","post","type-post","status-publish","format-standard","has-post-thumbnail","hentry","category-spor"],"_links":{"self":[{"href":"https:\/\/www.egemtv.com\/index.php?rest_route=\/wp\/v2\/posts\/11859","targetHints":{"allow":["GET"]}}],"collection":[{"href":"https:\/\/www.egemtv.com\/index.php?rest_route=\/wp\/v2\/posts"}],"about":[{"href":"https:\/\/www.egemtv.com\/index.php?rest_route=\/wp\/v2\/types\/post"}],"author":[{"embeddable":true,"href":"https:\/\/www.egemtv.com\/index.php?rest_route=\/wp\/v2\/users\/1"}],"replies":[{"embeddable":true,"href":"https:\/\/www.egemtv.com\/index.php?rest_route=%2Fwp%2Fv2%2Fcomments&post=11859"}],"version-history":[{"count":1,"href":"https:\/\/www.egemtv.com\/index.php?rest_route=\/wp\/v2\/posts\/11859\/revisions"}],"predecessor-version":[{"id":11861,"href":"https:\/\/www.egemtv.com\/index.php?rest_route=\/wp\/v2\/posts\/11859\/revisions\/11861"}],"wp:featuredmedia":[{"embeddable":true,"href":"https:\/\/www.egemtv.com\/index.php?rest_route=\/wp\/v2\/media\/11860"}],"wp:attachment":[{"href":"https:\/\/www.egemtv.com\/index.php?rest_route=%2Fwp%2Fv2%2Fmedia&parent=11859"}],"wp:term":[{"taxonomy":"category","embeddable":true,"href":"https:\/\/www.egemtv.com\/index.php?rest_route=%2Fwp%2Fv2%2Fcategories&post=11859"},{"taxonomy":"post_tag","embeddable":true,"href":"https:\/\/www.egemtv.com\/index.php?rest_route=%2Fwp%2Fv2%2Ftags&post=11859"}],"curies":[{"name":"wp","href":"https:\/\/api.w.org\/{rel}","templated":true}]}}