{"id":11856,"date":"2025-01-23T17:41:03","date_gmt":"2025-01-23T14:41:03","guid":{"rendered":"https:\/\/www.egemtv.com\/?p=11856"},"modified":"2025-01-23T17:41:06","modified_gmt":"2025-01-23T14:41:06","slug":"afyonkarahisarda-uyusturucu-madde-ele-gecirildi-1-kisi-tutuklandi","status":"publish","type":"post","link":"https:\/\/www.egemtv.com\/?p=11856","title":{"rendered":"Afyonkarahisar\u2019da uyu\u015fturucu madde ele ge\u00e7irildi, 1 ki\u015fi tutukland\u0131"},"content":{"rendered":"<p>Afyonkarahisar \u0130l Emniyet M\u00fcd\u00fcrl\u00fc\u011f\u00fc ekipleri yapt\u0131\u011f\u0131 operasyonda uyu\u015fturucu madde ele ge\u00e7irirken, konu ile ilgili g\u00f6zalt\u0131na al\u0131nan 2 ki\u015fiden 1\u2019i tutukland\u0131.<br \/>\n<br \/>Edinilen bilgilere g\u00f6re, operasyon Sinanpa\u015fa il\u00e7esine ba\u011fl\u0131 T\u0131naztepe beldesinde yap\u0131ld\u0131. Operasyonda 22,50 gram uyu\u015fturucu madde ile farkl\u0131 t\u00fcrde 8 adet uyu\u015fturucu madde ele ge\u00e7irildi.<br \/>\n<br \/>Konu ile ilgili olarak \u015e.E. ve U.K. isimli \u015fah\u0131slara uyu\u015fturucu madde ticareti yapma su\u00e7u kapsam\u0131nda adli i\u015flem yap\u0131l\u0131rken \u015e.E. isimli \u015fah\u0131s \u00e7\u0131kar\u0131ld\u0131\u011f\u0131 mahkemece tutuklanarak cezaevine g\u00f6nderildi.<br \/><\/p>\n","protected":false},"excerpt":{"rendered":"<p>Afyonkarahisar \u0130l Emniyet M\u00fcd\u00fcrl\u00fc\u011f\u00fc ekipleri yapt\u0131\u011f\u0131 operasyonda uyu\u015fturucu madde ele ge\u00e7irirken, konu ile ilgili g\u00f6zalt\u0131na al\u0131nan 2 ki\u015fiden 1\u2019i tutukland\u0131. Edinilen bilgilere g\u00f6re, operasyon Sinanpa\u015fa il\u00e7esine ba\u011fl\u0131 T\u0131naztepe beldesinde yap\u0131ld\u0131. Operasyonda 22,50 gram uyu\u015fturucu madde ile farkl\u0131 t\u00fcrde 8 adet uyu\u015fturucu madde ele ge\u00e7irildi. Konu ile ilgili olarak \u015e.E. ve U.K. isimli \u015fah\u0131slara uyu\u015fturucu madde&#8230;<\/p>\n","protected":false},"author":1,"featured_media":11857,"comment_status":"open","ping_status":"open","sticky":false,"template":"","format":"standard","meta":{"_crdt_document":"","footnotes":""},"categories":[5],"tags":[],"class_list":["post-11856","post","type-post","status-publish","format-standard","has-post-thumbnail","hentry","category-asayis"],"_links":{"self":[{"href":"https:\/\/www.egemtv.com\/index.php?rest_route=\/wp\/v2\/posts\/11856","targetHints":{"allow":["GET"]}}],"collection":[{"href":"https:\/\/www.egemtv.com\/index.php?rest_route=\/wp\/v2\/posts"}],"about":[{"href":"https:\/\/www.egemtv.com\/index.php?rest_route=\/wp\/v2\/types\/post"}],"author":[{"embeddable":true,"href":"https:\/\/www.egemtv.com\/index.php?rest_route=\/wp\/v2\/users\/1"}],"replies":[{"embeddable":true,"href":"https:\/\/www.egemtv.com\/index.php?rest_route=%2Fwp%2Fv2%2Fcomments&post=11856"}],"version-history":[{"count":1,"href":"https:\/\/www.egemtv.com\/index.php?rest_route=\/wp\/v2\/posts\/11856\/revisions"}],"predecessor-version":[{"id":11858,"href":"https:\/\/www.egemtv.com\/index.php?rest_route=\/wp\/v2\/posts\/11856\/revisions\/11858"}],"wp:featuredmedia":[{"embeddable":true,"href":"https:\/\/www.egemtv.com\/index.php?rest_route=\/wp\/v2\/media\/11857"}],"wp:attachment":[{"href":"https:\/\/www.egemtv.com\/index.php?rest_route=%2Fwp%2Fv2%2Fmedia&parent=11856"}],"wp:term":[{"taxonomy":"category","embeddable":true,"href":"https:\/\/www.egemtv.com\/index.php?rest_route=%2Fwp%2Fv2%2Fcategories&post=11856"},{"taxonomy":"post_tag","embeddable":true,"href":"https:\/\/www.egemtv.com\/index.php?rest_route=%2Fwp%2Fv2%2Ftags&post=11856"}],"curies":[{"name":"wp","href":"https:\/\/api.w.org\/{rel}","templated":true}]}}