{"id":11853,"date":"2025-01-23T17:40:59","date_gmt":"2025-01-23T14:40:59","guid":{"rendered":"https:\/\/www.egemtv.com\/?p=11853"},"modified":"2025-01-23T17:41:02","modified_gmt":"2025-01-23T14:41:02","slug":"afyonkarahisarda-kacak-sahis-yakalandi-3","status":"publish","type":"post","link":"https:\/\/www.egemtv.com\/?p=11853","title":{"rendered":"Afyonkarahisar\u2019da ka\u00e7ak \u015fah\u0131s yakaland\u0131"},"content":{"rendered":"<p>Afyonkarahisar \u0130l Emniyet M\u00fcd\u00fcrl\u00fc\u011f\u00fc ekipleri hakk\u0131nda 3 y\u0131l 4 ay hapis cezas\u0131 bulunan \u015fahs\u0131 yakalayarak cezaevine g\u00f6nderdi.<br \/>\n<br \/>Afyonkarahisar \u0130l Emniyet M\u00fcd\u00fcrl\u00fc\u011f\u00fc ekipleri aranan \u015fah\u0131slar\u0131n yakalanmas\u0131na y\u00f6nelik \u00e7al\u0131\u015fmalar\u0131na devam ediyor. Bu \u00e7er\u00e7evede, &#8220;Bili\u015fim Sistemlerinin Kullan\u0131lmas\u0131 Suretiyle Nitelikli Doland\u0131r\u0131c\u0131l\u0131k\u201d su\u00e7undan 3 y\u0131l 4 ay hapis cezas\u0131 ile aranma kayd\u0131 bulunan U.C.G. isimli \u015fah\u0131s yakaland\u0131. \u015eah\u0131s yap\u0131lan i\u015flemlerin ard\u0131ndan cezaevine g\u00f6nderildi.<br \/><\/p>\n","protected":false},"excerpt":{"rendered":"<p>Afyonkarahisar \u0130l Emniyet M\u00fcd\u00fcrl\u00fc\u011f\u00fc ekipleri hakk\u0131nda 3 y\u0131l 4 ay hapis cezas\u0131 bulunan \u015fahs\u0131 yakalayarak cezaevine g\u00f6nderdi. Afyonkarahisar \u0130l Emniyet M\u00fcd\u00fcrl\u00fc\u011f\u00fc ekipleri aranan \u015fah\u0131slar\u0131n yakalanmas\u0131na y\u00f6nelik \u00e7al\u0131\u015fmalar\u0131na devam ediyor. Bu \u00e7er\u00e7evede, &#8220;Bili\u015fim Sistemlerinin Kullan\u0131lmas\u0131 Suretiyle Nitelikli Doland\u0131r\u0131c\u0131l\u0131k\u201d su\u00e7undan 3 y\u0131l 4 ay hapis cezas\u0131 ile aranma kayd\u0131 bulunan U.C.G. isimli \u015fah\u0131s yakaland\u0131. \u015eah\u0131s yap\u0131lan i\u015flemlerin&#8230;<\/p>\n","protected":false},"author":1,"featured_media":11854,"comment_status":"open","ping_status":"open","sticky":false,"template":"","format":"standard","meta":{"_crdt_document":"","footnotes":""},"categories":[5],"tags":[],"class_list":["post-11853","post","type-post","status-publish","format-standard","has-post-thumbnail","hentry","category-asayis"],"_links":{"self":[{"href":"https:\/\/www.egemtv.com\/index.php?rest_route=\/wp\/v2\/posts\/11853","targetHints":{"allow":["GET"]}}],"collection":[{"href":"https:\/\/www.egemtv.com\/index.php?rest_route=\/wp\/v2\/posts"}],"about":[{"href":"https:\/\/www.egemtv.com\/index.php?rest_route=\/wp\/v2\/types\/post"}],"author":[{"embeddable":true,"href":"https:\/\/www.egemtv.com\/index.php?rest_route=\/wp\/v2\/users\/1"}],"replies":[{"embeddable":true,"href":"https:\/\/www.egemtv.com\/index.php?rest_route=%2Fwp%2Fv2%2Fcomments&post=11853"}],"version-history":[{"count":1,"href":"https:\/\/www.egemtv.com\/index.php?rest_route=\/wp\/v2\/posts\/11853\/revisions"}],"predecessor-version":[{"id":11855,"href":"https:\/\/www.egemtv.com\/index.php?rest_route=\/wp\/v2\/posts\/11853\/revisions\/11855"}],"wp:featuredmedia":[{"embeddable":true,"href":"https:\/\/www.egemtv.com\/index.php?rest_route=\/wp\/v2\/media\/11854"}],"wp:attachment":[{"href":"https:\/\/www.egemtv.com\/index.php?rest_route=%2Fwp%2Fv2%2Fmedia&parent=11853"}],"wp:term":[{"taxonomy":"category","embeddable":true,"href":"https:\/\/www.egemtv.com\/index.php?rest_route=%2Fwp%2Fv2%2Fcategories&post=11853"},{"taxonomy":"post_tag","embeddable":true,"href":"https:\/\/www.egemtv.com\/index.php?rest_route=%2Fwp%2Fv2%2Ftags&post=11853"}],"curies":[{"name":"wp","href":"https:\/\/api.w.org\/{rel}","templated":true}]}}