{"id":11850,"date":"2025-01-23T17:31:17","date_gmt":"2025-01-23T14:31:17","guid":{"rendered":"https:\/\/www.egemtv.com\/?p=11850"},"modified":"2025-01-23T17:31:20","modified_gmt":"2025-01-23T14:31:20","slug":"nazilli-belediyesine-yeni-bir-silindir-makinesi-kazandirildi","status":"publish","type":"post","link":"https:\/\/www.egemtv.com\/?p=11850","title":{"rendered":"Nazilli Belediyesi\u2019ne yeni bir silindir makinesi kazand\u0131r\u0131ld\u0131"},"content":{"rendered":"<p>Nazilli Belediyesi, il\u00e7e genelinde devam eden yol yap\u0131m ve yenileme \u00e7al\u0131\u015fmalar\u0131n\u0131 daha verimli hale getirmek i\u00e7in Fen \u0130\u015fleri M\u00fcd\u00fcrl\u00fc\u011f\u00fc\u2019ne yeni bir silindir makinesi kazand\u0131rd\u0131.<\/p>\n<p>Yeni silindir makinesi, parke ta\u015f\u0131 d\u00f6\u015feme i\u015flemlerinden sonra yollar\u0131n s\u0131k\u0131\u015ft\u0131r\u0131larak daha dayan\u0131kl\u0131 hale getirilmesini sa\u011flayacak. Ara\u00e7 filosunun g\u00fc\u00e7lenmesiyle; \u00f6ncesinde s\u0131k\u0131\u015ft\u0131rma i\u015fleminin yap\u0131lamamas\u0131 nedeniyle ya\u015fanan \u00e7\u00f6kme, su birikmesi ve ekonomik kay\u0131plar\u0131n \u00f6n\u00fcne ge\u00e7ilmi\u015f olacak.<br \/>\n<br \/>Yeni ara\u00e7la yap\u0131lan ilk \u00e7al\u0131\u015fmalar\u0131 yerinde incelemek \u00fczere sahaya inen Belediye Ba\u015fkan\u0131 Dr. Ertu\u011frul Tetik, ekiplerden bilgi alarak mahalle sakinleri ile sohbet etti.<\/p>\n<p>Yol ihtiyac\u0131n\u0131n artmas\u0131 ile e\u015f zamanl\u0131 olarak belediye filosuna yeni bir ara\u00e7 kazand\u0131rmaktan mutlu olduklar\u0131n\u0131 dile getiren Ba\u015fkan Tetik, &#8220;Yine sahaday\u0131z. Saha deyince, kendisine her zaman te\u015fekk\u00fcr etti\u011fim, Fen \u0130\u015fleri M\u00fcd\u00fcr\u00fcm\u00fcz Necmi bey ve ekibiyle beraberiz. Ger\u00e7ekten \u00e7ok g\u00fczel i\u015fler oluyor Nazilli\u2019de. Yollar\u0131m\u0131z\u0131n yap\u0131m\u0131, d\u00fczenlenmesi, yeniden yap\u0131m\u0131. Nazilli halk\u0131m\u0131zla hep beraber, hepimiz beraber b\u00f6yle dokunu\u015flar yapaca\u011f\u0131z. Onlardan biri de i\u015fte g\u00f6r\u00fcyorsunuz bu arac\u0131m\u0131z. Arac\u0131m\u0131z  yollar\u0131 yapt\u0131ktan sonra yerleri basan bir silindirimiz, dolay\u0131s\u0131yla hem daha g\u00fczel yap\u0131m oluyor, hem de \u00e7abuk bozulmas\u0131 \u00f6nlenmi\u015f oluyor. Zaten \u00e7ok kaliteli i\u015fler yapmaya \u00e7al\u0131\u015f\u0131yorduk, yap\u0131yorduk. Bununla \u00e7ok daha olay g\u00fczelle\u015fti \u00e7ok daha g\u00fczel i\u015fler \u00e7\u0131karaca\u011f\u0131z ortaya. Nazilli halk\u0131n\u0131n toplad\u0131\u011f\u0131m\u0131z paralar\u0131yla, vergileriyle hem bu hizmetleri yapaca\u011f\u0131z, hem de b\u00f6yle aletlerimizi \u015fimdi fen i\u015flerinde bir s\u00fcre sonra da temizlik i\u015flerinde, 14 ara\u00e7 olmak \u00fczere Nazilli halk\u0131m\u0131za hediye edece\u011fiz. Hizmet i\u00e7in hediye edece\u011fiz. Tekrar fen i\u015fleri personelime bu anlamda da \u00e7ok te\u015fekk\u00fcr ediyorum&#8221; dedi.<br \/><\/p>\n","protected":false},"excerpt":{"rendered":"<p>Nazilli Belediyesi, il\u00e7e genelinde devam eden yol yap\u0131m ve yenileme \u00e7al\u0131\u015fmalar\u0131n\u0131 daha verimli hale getirmek i\u00e7in Fen \u0130\u015fleri M\u00fcd\u00fcrl\u00fc\u011f\u00fc\u2019ne yeni bir silindir makinesi kazand\u0131rd\u0131. Yeni silindir makinesi, parke ta\u015f\u0131 d\u00f6\u015feme i\u015flemlerinden sonra yollar\u0131n s\u0131k\u0131\u015ft\u0131r\u0131larak daha dayan\u0131kl\u0131 hale getirilmesini sa\u011flayacak. Ara\u00e7 filosunun g\u00fc\u00e7lenmesiyle; \u00f6ncesinde s\u0131k\u0131\u015ft\u0131rma i\u015fleminin yap\u0131lamamas\u0131 nedeniyle ya\u015fanan \u00e7\u00f6kme, su birikmesi ve ekonomik kay\u0131plar\u0131n \u00f6n\u00fcne&#8230;<\/p>\n","protected":false},"author":1,"featured_media":11851,"comment_status":"open","ping_status":"open","sticky":false,"template":"","format":"standard","meta":{"_crdt_document":"","footnotes":""},"categories":[1],"tags":[],"class_list":["post-11850","post","type-post","status-publish","format-standard","has-post-thumbnail","hentry","category-guncel"],"_links":{"self":[{"href":"https:\/\/www.egemtv.com\/index.php?rest_route=\/wp\/v2\/posts\/11850","targetHints":{"allow":["GET"]}}],"collection":[{"href":"https:\/\/www.egemtv.com\/index.php?rest_route=\/wp\/v2\/posts"}],"about":[{"href":"https:\/\/www.egemtv.com\/index.php?rest_route=\/wp\/v2\/types\/post"}],"author":[{"embeddable":true,"href":"https:\/\/www.egemtv.com\/index.php?rest_route=\/wp\/v2\/users\/1"}],"replies":[{"embeddable":true,"href":"https:\/\/www.egemtv.com\/index.php?rest_route=%2Fwp%2Fv2%2Fcomments&post=11850"}],"version-history":[{"count":1,"href":"https:\/\/www.egemtv.com\/index.php?rest_route=\/wp\/v2\/posts\/11850\/revisions"}],"predecessor-version":[{"id":11852,"href":"https:\/\/www.egemtv.com\/index.php?rest_route=\/wp\/v2\/posts\/11850\/revisions\/11852"}],"wp:featuredmedia":[{"embeddable":true,"href":"https:\/\/www.egemtv.com\/index.php?rest_route=\/wp\/v2\/media\/11851"}],"wp:attachment":[{"href":"https:\/\/www.egemtv.com\/index.php?rest_route=%2Fwp%2Fv2%2Fmedia&parent=11850"}],"wp:term":[{"taxonomy":"category","embeddable":true,"href":"https:\/\/www.egemtv.com\/index.php?rest_route=%2Fwp%2Fv2%2Fcategories&post=11850"},{"taxonomy":"post_tag","embeddable":true,"href":"https:\/\/www.egemtv.com\/index.php?rest_route=%2Fwp%2Fv2%2Ftags&post=11850"}],"curies":[{"name":"wp","href":"https:\/\/api.w.org\/{rel}","templated":true}]}}