{"id":11847,"date":"2025-01-23T17:31:15","date_gmt":"2025-01-23T14:31:15","guid":{"rendered":"https:\/\/www.egemtv.com\/?p=11847"},"modified":"2025-01-23T17:31:17","modified_gmt":"2025-01-23T14:31:17","slug":"buyuksehir-yanginda-hayatini-kaybedenler-icin-lokma-dagitti","status":"publish","type":"post","link":"https:\/\/www.egemtv.com\/?p=11847","title":{"rendered":"B\u00fcy\u00fck\u015fehir yang\u0131nda hayat\u0131n\u0131 kaybedenler i\u00e7in lokma da\u011f\u0131tt\u0131"},"content":{"rendered":"<p>Bolu Kartalkaya\u2019daki otelde meydana gelen yang\u0131nda vefat edenlerin ruhuna ithafen, Mu\u011fla\u2019n\u0131n merkezinde yer alan tarihi Kur\u015funlu Camii\u2019nde lokma hayr\u0131 yap\u0131ld\u0131.<br \/>\n<br \/>Lokma da\u011f\u0131t\u0131m\u0131nda, hayat\u0131n\u0131 kaybedenlerin an\u0131s\u0131 y\u00e2d edilirken, dayan\u0131\u015fma ve birlik duygusu \u00f6n plana \u00e7\u0131kt\u0131. Kur\u015funlu Camii avlusunda yap\u0131lan lokma da\u011f\u0131t\u0131m\u0131 s\u0131ras\u0131nda, Mu\u011fla B\u00fcy\u00fck\u015fehir Belediye Ba\u015fkan\u0131 Ahmet Aras\u2019\u0131n da taziye dilekleri iletildi.<br \/>\n<br \/>Mu\u011fla B\u00fcy\u00fck\u015fehir Belediyesi yetkilileri, bu t\u00fcr olaylar\u0131n tekrar ya\u015fanmamas\u0131 i\u00e7in al\u0131nacak \u00f6nlemler konusunda fark\u0131ndal\u0131k olu\u015fturman\u0131n \u00f6nemine dikkat \u00e7ekerken, ma\u011fdur ailelere destek mesajlar\u0131 verdi. Yang\u0131nda hayat\u0131n\u0131 kaybedenlere Allah\u2019tan rahmet, yak\u0131nlar\u0131na ba\u015fsa\u011fl\u0131\u011f\u0131 dileyen B\u00fcy\u00fck\u015fehir Belediye Ba\u015fkan\u0131 Aras, ac\u0131lar\u0131 payla\u015fman\u0131n toplumsal dayan\u0131\u015fmay\u0131 g\u00fc\u00e7lendirdi\u011fine vurgu yapt\u0131.<br \/>\n<br \/>Ba\u015fkan Aras, \u201cKazalar\u0131n \u00f6nlenmesi i\u00e7in somut \u00f6nlemler al\u0131nmas\u0131 gerekiyor\u201d<br \/>\n<br \/>K\u0131y\u0131 Ege Belediyeler Birli\u011fi ve Mu\u011fla B\u00fcy\u00fck\u015fehir Belediye Ba\u015fkan\u0131 Ahmet Aras, \u201cBolu Kartalkaya Kayak Merkezi\u2019nde meydana gelen yang\u0131nda hayat\u0131n\u0131 kaybeden vatanda\u015flar\u0131m\u0131za Allah\u2019tan rahmet, ailelerine ve sevdiklerine sab\u0131r,  yaral\u0131 vatanda\u015flar\u0131m\u0131za da acil \u015fifalar diliyorum. Bu elim olay hepimizin y\u00fcre\u011fini yakm\u0131\u015ft\u0131r. Allah bir daha b\u00f6yle felaketler g\u00f6stermesin. Bu kazalar\u0131n \u00f6nlenmesi i\u00e7in somut \u00f6nlemler al\u0131nmas\u0131 ve herkesin \u00fczerine d\u00fc\u015feni yapmas\u0131 gerekiyor\u201d<br \/><\/p>\n","protected":false},"excerpt":{"rendered":"<p>Bolu Kartalkaya\u2019daki otelde meydana gelen yang\u0131nda vefat edenlerin ruhuna ithafen, Mu\u011fla\u2019n\u0131n merkezinde yer alan tarihi Kur\u015funlu Camii\u2019nde lokma hayr\u0131 yap\u0131ld\u0131. Lokma da\u011f\u0131t\u0131m\u0131nda, hayat\u0131n\u0131 kaybedenlerin an\u0131s\u0131 y\u00e2d edilirken, dayan\u0131\u015fma ve birlik duygusu \u00f6n plana \u00e7\u0131kt\u0131. Kur\u015funlu Camii avlusunda yap\u0131lan lokma da\u011f\u0131t\u0131m\u0131 s\u0131ras\u0131nda, Mu\u011fla B\u00fcy\u00fck\u015fehir Belediye Ba\u015fkan\u0131 Ahmet Aras\u2019\u0131n da taziye dilekleri iletildi. Mu\u011fla B\u00fcy\u00fck\u015fehir Belediyesi yetkilileri,&#8230;<\/p>\n","protected":false},"author":1,"featured_media":11848,"comment_status":"open","ping_status":"open","sticky":false,"template":"","format":"standard","meta":{"_crdt_document":"","footnotes":""},"categories":[123],"tags":[],"class_list":["post-11847","post","type-post","status-publish","format-standard","has-post-thumbnail","hentry","category-gundem"],"_links":{"self":[{"href":"https:\/\/www.egemtv.com\/index.php?rest_route=\/wp\/v2\/posts\/11847","targetHints":{"allow":["GET"]}}],"collection":[{"href":"https:\/\/www.egemtv.com\/index.php?rest_route=\/wp\/v2\/posts"}],"about":[{"href":"https:\/\/www.egemtv.com\/index.php?rest_route=\/wp\/v2\/types\/post"}],"author":[{"embeddable":true,"href":"https:\/\/www.egemtv.com\/index.php?rest_route=\/wp\/v2\/users\/1"}],"replies":[{"embeddable":true,"href":"https:\/\/www.egemtv.com\/index.php?rest_route=%2Fwp%2Fv2%2Fcomments&post=11847"}],"version-history":[{"count":1,"href":"https:\/\/www.egemtv.com\/index.php?rest_route=\/wp\/v2\/posts\/11847\/revisions"}],"predecessor-version":[{"id":11849,"href":"https:\/\/www.egemtv.com\/index.php?rest_route=\/wp\/v2\/posts\/11847\/revisions\/11849"}],"wp:featuredmedia":[{"embeddable":true,"href":"https:\/\/www.egemtv.com\/index.php?rest_route=\/wp\/v2\/media\/11848"}],"wp:attachment":[{"href":"https:\/\/www.egemtv.com\/index.php?rest_route=%2Fwp%2Fv2%2Fmedia&parent=11847"}],"wp:term":[{"taxonomy":"category","embeddable":true,"href":"https:\/\/www.egemtv.com\/index.php?rest_route=%2Fwp%2Fv2%2Fcategories&post=11847"},{"taxonomy":"post_tag","embeddable":true,"href":"https:\/\/www.egemtv.com\/index.php?rest_route=%2Fwp%2Fv2%2Ftags&post=11847"}],"curies":[{"name":"wp","href":"https:\/\/api.w.org\/{rel}","templated":true}]}}