{"id":11841,"date":"2025-01-23T17:19:23","date_gmt":"2025-01-23T14:19:23","guid":{"rendered":"https:\/\/www.egemtv.com\/?p=11841"},"modified":"2025-01-23T17:19:25","modified_gmt":"2025-01-23T14:19:25","slug":"milas-yusufca-mahallesinin-su-hatlari-yenilendi","status":"publish","type":"post","link":"https:\/\/www.egemtv.com\/?p=11841","title":{"rendered":"Milas Yusufca mahallesinin su hatlar\u0131 yenilendi"},"content":{"rendered":"<p>Mu\u011fla B\u00fcy\u00fck\u015fehir Belediyesi Su ve Kanalizasyon \u0130daresi (MUSK\u0130) Genel M\u00fcd\u00fcrl\u00fc\u011f\u00fc i\u00e7me suyu sorunlar\u0131n\u0131n ya\u015fand\u0131\u011f\u0131 b\u00f6lgelerde \u00e7al\u0131\u015fmalar\u0131na ara vermeden devam ediyor. Son olarak Milas\u2019\u0131n Yusufca Mahallesinde \u00e7al\u0131\u015fma ger\u00e7ekle\u015ftiren ekipler burada hat yenileme ve yeni i\u00e7me suyu deposu yap\u0131m\u0131n\u0131 tamamlad\u0131.<br \/>\n<br \/>Toplam 4 bin 500 metre hat yenilendi<br \/>\n<br \/>Mahalleye i\u00e7me suyu sa\u011flayan boru \u00e7aplar\u0131n\u0131n k\u00fc\u00e7\u00fck olmas\u0131 nedeniyle \u00f6zellikle yaz aylar\u0131nda ya\u015fanan yo\u011fun kullan\u0131mdan kaynakl\u0131 olarak suyun yetersiz gelmesinden dolay\u0131 b\u00f6lgede su sorunu ya\u015fan\u0131yordu. MUSK\u0130 ekipleri taraf\u0131ndan Yusufca Mahallesinin ihtiya\u00e7lar\u0131n\u0131 kar\u015f\u0131layabilecek \u00e7apta boru temini yap\u0131larak hatt\u0131n 4 bin 500 metrelik k\u0131sm\u0131 yenilendi. Daha b\u00fcy\u00fck boru \u00e7aplar\u0131yla birlikte mahallenin i\u00e7me suyu kayna\u011f\u0131ndan yeteri miktarda su aktar\u0131lmas\u0131 sa\u011flan\u0131rken ilave 50 tonluk depo yap\u0131larak n\u00fcfus art\u0131\u015f\u0131 ve yo\u011fun kullan\u0131m\u0131ndan kaynakl\u0131 su sorunlar\u0131 uzun y\u0131llar boyunca ya\u015fanmayacak \u015fekilde giderilmi\u015f oldu.<br \/>\n<br \/>Muhtar Bulut, \u201cSu sorunumuz sona erdi\u201d<br \/>\n<br \/>Milas \u0130l\u00e7esi Yusufca Mahallesi Muhtar\u0131 Mesut Bulut, su sorununun giderilmesinden dolay\u0131 mahalle halk\u0131n\u0131n \u00e7ok memnun oldu\u011funu ve 5 y\u0131ld\u0131r u\u011fra\u015f vermesine ra\u011fmen bunu \u00e7ok k\u0131sa s\u00fcre i\u00e7inde \u00e7\u00f6z\u00fcme kavu\u015fturan Mu\u011fla B\u00fcy\u00fck\u015fehir Belediye Ba\u015fkan\u0131 Ahmet Aras\u2019a te\u015fekk\u00fcr etti. Muhtar Bulut, \u201cMahallemizdeki havza \u00e7ok geni\u015f oldu\u011fu i\u00e7in eski muhtarl\u0131k d\u00f6neminde verilen aboneliklerle suyumuz yetersizdi. Depomuzun hacmi ve su miktar\u0131m\u0131z \u00e7ok d\u00fc\u015f\u00fck. Bu y\u00fczden s\u0131k s\u0131k susuzluk ya\u015f\u0131yorduk. Bu sorunu \u00e7\u00f6zmek i\u00e7in Say\u0131n MUSK\u0130 Genel M\u00fcd\u00fcr\u00fc Y\u0131lmaz \u015eeng\u00fcl\u2019e ba\u015fvurduk. Durumu kendisine anlatt\u0131k. Hemen harekete ge\u00e7tiler. 4 bin 500 metre yeni boru hatt\u0131 imalat\u0131 ger\u00e7ekle\u015ftirildi ve bu sayede k\u00f6y\u00fcm\u00fczdeki su sorununu b\u00fcy\u00fck \u00f6l\u00e7\u00fcde \u00e7\u00f6z\u00fcme kavu\u015ftu. B\u00fcy\u00fck\u015fehir Belediye Ba\u015fkan\u0131m\u0131z Ahmet Aras\u2019a, yeni Genel M\u00fcd\u00fcr\u00fcm\u00fcz Y\u0131lmaz \u015eeng\u00fcl\u2019e ve t\u00fcm yetkililere \u015fahs\u0131m ve mahallem ad\u0131na te\u015fekk\u00fcr ediyorum. Art\u0131k k\u00f6y\u00fcm\u00fcz\u00fcn su sorunu sona erdi ve torunlar\u0131m\u0131z\u0131n bile su s\u0131k\u0131nt\u0131s\u0131 ya\u015famayaca\u011f\u0131ndan eminim&#8221; \u015feklinde konu\u015ftu.<br \/><\/p>\n","protected":false},"excerpt":{"rendered":"<p>Mu\u011fla B\u00fcy\u00fck\u015fehir Belediyesi Su ve Kanalizasyon \u0130daresi (MUSK\u0130) Genel M\u00fcd\u00fcrl\u00fc\u011f\u00fc i\u00e7me suyu sorunlar\u0131n\u0131n ya\u015fand\u0131\u011f\u0131 b\u00f6lgelerde \u00e7al\u0131\u015fmalar\u0131na ara vermeden devam ediyor. Son olarak Milas\u2019\u0131n Yusufca Mahallesinde \u00e7al\u0131\u015fma ger\u00e7ekle\u015ftiren ekipler burada hat yenileme ve yeni i\u00e7me suyu deposu yap\u0131m\u0131n\u0131 tamamlad\u0131. Toplam 4 bin 500 metre hat yenilendi Mahalleye i\u00e7me suyu sa\u011flayan boru \u00e7aplar\u0131n\u0131n k\u00fc\u00e7\u00fck olmas\u0131 nedeniyle \u00f6zellikle&#8230;<\/p>\n","protected":false},"author":1,"featured_media":11842,"comment_status":"open","ping_status":"open","sticky":false,"template":"","format":"standard","meta":{"_crdt_document":"","footnotes":""},"categories":[1],"tags":[],"class_list":["post-11841","post","type-post","status-publish","format-standard","has-post-thumbnail","hentry","category-guncel"],"_links":{"self":[{"href":"https:\/\/www.egemtv.com\/index.php?rest_route=\/wp\/v2\/posts\/11841","targetHints":{"allow":["GET"]}}],"collection":[{"href":"https:\/\/www.egemtv.com\/index.php?rest_route=\/wp\/v2\/posts"}],"about":[{"href":"https:\/\/www.egemtv.com\/index.php?rest_route=\/wp\/v2\/types\/post"}],"author":[{"embeddable":true,"href":"https:\/\/www.egemtv.com\/index.php?rest_route=\/wp\/v2\/users\/1"}],"replies":[{"embeddable":true,"href":"https:\/\/www.egemtv.com\/index.php?rest_route=%2Fwp%2Fv2%2Fcomments&post=11841"}],"version-history":[{"count":1,"href":"https:\/\/www.egemtv.com\/index.php?rest_route=\/wp\/v2\/posts\/11841\/revisions"}],"predecessor-version":[{"id":11843,"href":"https:\/\/www.egemtv.com\/index.php?rest_route=\/wp\/v2\/posts\/11841\/revisions\/11843"}],"wp:featuredmedia":[{"embeddable":true,"href":"https:\/\/www.egemtv.com\/index.php?rest_route=\/wp\/v2\/media\/11842"}],"wp:attachment":[{"href":"https:\/\/www.egemtv.com\/index.php?rest_route=%2Fwp%2Fv2%2Fmedia&parent=11841"}],"wp:term":[{"taxonomy":"category","embeddable":true,"href":"https:\/\/www.egemtv.com\/index.php?rest_route=%2Fwp%2Fv2%2Fcategories&post=11841"},{"taxonomy":"post_tag","embeddable":true,"href":"https:\/\/www.egemtv.com\/index.php?rest_route=%2Fwp%2Fv2%2Ftags&post=11841"}],"curies":[{"name":"wp","href":"https:\/\/api.w.org\/{rel}","templated":true}]}}