{"id":11838,"date":"2025-01-23T16:43:09","date_gmt":"2025-01-23T13:43:09","guid":{"rendered":"https:\/\/www.egemtv.com\/?p=11838"},"modified":"2025-01-23T16:43:11","modified_gmt":"2025-01-23T13:43:11","slug":"kuyucak-belediyesinde-toplu-is-sozlesmesi-imzalandi","status":"publish","type":"post","link":"https:\/\/www.egemtv.com\/?p=11838","title":{"rendered":"Kuyucak Belediyesi\u2019nde toplu i\u015f s\u00f6zle\u015fmesi imzaland\u0131"},"content":{"rendered":"<p>Ayd\u0131n\u2019\u0131n Kuyucak il\u00e7esinde belediye \u015firketine ba\u011fl\u0131 i\u015f\u00e7iler belediye tarihinde ilk kez sendika ile bulu\u015furken, Kuyucak Belediyesi ile sendika aras\u0131nda toplu s\u00f6zle\u015fme imzaland\u0131.<\/p>\n<p>Kuyucak Belediye Ba\u015fkan\u0131 U\u011fur Do\u011fanca, yeni y\u0131l \u00f6ncesi asgari \u00fccretin a\u00e7\u0131klanmas\u0131yla birlikte belediye personeline ilk m\u00fcjdeyi vermi\u015f ve asgari \u00fccretle \u00e7al\u0131\u015fan, sendikas\u0131z i\u015f\u00e7inin kalmayaca\u011f\u0131n\u0131 duyurmu\u015ftu. Ba\u015fkan Do\u011fanca, bu ad\u0131m\u0131yla se\u00e7im \u00f6ncesi verdi\u011fi s\u00f6z\u00fc de tutarken Kuyucak Belediyesi\u2019nde \u00e7al\u0131\u015fan asgari \u00fccretli ve sendikas\u0131z \u00e7al\u0131\u015fan kalmad\u0131. Kuyucak Belediyesi Fen \u0130\u015fleri M\u00fcd\u00fcrl\u00fc\u011f\u00fc \u015eantiyesi\u2019nde ger\u00e7ekle\u015ftirilen t\u00f6rende belediye ile Belediye \u0130\u015f Sendikas\u0131 aras\u0131nda toplu s\u00f6zle\u015fme imzaland\u0131. Toplu i\u015f s\u00f6zle\u015fmesi t\u00f6reninde konu\u015fan Ba\u015fkan Do\u011fanca; &#8220;2024 y\u0131l\u0131n sonlar\u0131na do\u011fru ba\u015flatm\u0131\u015f oldu\u011fumuz i\u015f\u00e7ilerimizin sendikaya \u00fcye olmalar\u0131 ve maa\u015flar\u0131n\u0131n artt\u0131r\u0131lmalar\u0131yla ilgili \u00e7al\u0131\u015fmalar\u0131m\u0131z\u0131n sonlar\u0131na geldik. Ekonomik \u015fartlar\u0131 da g\u00f6z \u00f6n\u00fcnde bulundurdu\u011fumuzda mevcut asgari \u00fccretle \u00e7al\u0131\u015fman\u0131n ve ge\u00e7inmenin ne kadar zor oldu\u011funu bildi\u011fimizden dolay\u0131 sizlerin \u00e7al\u0131\u015fma \u015fartlar\u0131n\u0131 iyile\u015ftirmek i\u00e7in sendikam\u0131zla yapt\u0131\u011f\u0131m\u0131z g\u00f6r\u00fc\u015fmeler neticesinde bir sonuca vard\u0131k. Bununla da ilgili olarak birazdan sendikam\u0131z ve belediyemiz aras\u0131nda toplu i\u015f s\u00f6zle\u015fmesi imzalanacak. Bununla beraber sizler hem sosyal haklar\u0131n\u0131za kavu\u015fmu\u015f olacaks\u0131n\u0131z hem de bizler se\u00e7im \u00f6ncesi size vermi\u015f oldu\u011fumuz s\u00f6z\u00fcm\u00fcz\u00fc, se\u00e7im vaadimizi de yerine getirmi\u015f olaca\u011f\u0131z&#8221; dedi.<\/p>\n<p>&#8220;Yan desteklerle 30 bini bulacak&#8221;<br \/>\n<br \/>Belediye personelinden beklentisini de dile getiren Ba\u015fkan Do\u011fanca, daha iyi hizmet \u00e7a\u011fr\u0131s\u0131 yapt\u0131. Do\u011fanca; \u201cBiz sizin \u00e7al\u0131\u015fma \u015fartlar\u0131n\u0131z\u0131 m\u00fcmk\u00fcn oldu\u011funca iyile\u015ftirmeye \u00e7al\u0131\u015ft\u0131k. Sizlerden de beklentimiz vatanda\u015f\u0131m\u0131za yapt\u0131\u011f\u0131n\u0131z hizmetlerde performans\u0131n\u0131z\u0131 \u00fcst d\u00fczeyde ger\u00e7ekle\u015ftirmeniz. Ben \u015fimdiden belediyemize sizlere ve sendikam\u0131za hay\u0131rl\u0131 u\u011furlu olsun diyorum. Yapt\u0131\u011f\u0131m\u0131z g\u00f6r\u00fc\u015fmeler sonucunda yan desteklerle birlikte ayl\u0131k ortalama geliriniz 30 bin liran\u0131n \u00fczerine \u00e7\u0131kacak&#8221; \u015feklinde konu\u015ftu.<\/p>\n<p>Belediye \u0130\u015f Sendikas\u0131 Ayd\u0131n \u015eube Ba\u015fkan\u0131 Hidayet Yaman da belediye i\u015f\u00e7ilerinin hakk\u0131n\u0131 g\u00f6zetmesi nedeniyle Ba\u015fkan Do\u011fanca\u2019ya te\u015fekk\u00fcr etti.<\/p>\n<p>Konu\u015fmalar\u0131n ard\u0131ndan toplu s\u00f6zle\u015fme i\u015f\u00e7ilerin alk\u0131\u015flar\u0131 e\u015fli\u011finde imzaland\u0131. Ba\u015fkan Do\u011fanca\u2019n\u0131n sa\u011flad\u0131\u011f\u0131 haklar nedeniyle duyduklar\u0131 memnuniyeti dile getiren toplam 122 belediye i\u015f\u00e7isi, Ba\u015fkan Do\u011fanca\u2019ya te\u015fekk\u00fcr etti. Y\u00fczde 35 zam alan i\u015f\u00e7iler, ayl\u0131k 4 bin lira yemek yard\u0131m\u0131, bayramlarda 17 bin lira ikramiye, her \u00e7ocuk i\u00e7in bin lira \u00f6\u011frenim yard\u0131m\u0131, 10 bin lira evlilik yard\u0131m\u0131, 3 bin lira s\u00fcnnet yard\u0131m\u0131, 5 bin lira askerlik yard\u0131m\u0131 gibi sendikal haklara kavu\u015facak.<br \/><\/p>\n","protected":false},"excerpt":{"rendered":"<p>Ayd\u0131n\u2019\u0131n Kuyucak il\u00e7esinde belediye \u015firketine ba\u011fl\u0131 i\u015f\u00e7iler belediye tarihinde ilk kez sendika ile bulu\u015furken, Kuyucak Belediyesi ile sendika aras\u0131nda toplu s\u00f6zle\u015fme imzaland\u0131. Kuyucak Belediye Ba\u015fkan\u0131 U\u011fur Do\u011fanca, yeni y\u0131l \u00f6ncesi asgari \u00fccretin a\u00e7\u0131klanmas\u0131yla birlikte belediye personeline ilk m\u00fcjdeyi vermi\u015f ve asgari \u00fccretle \u00e7al\u0131\u015fan, sendikas\u0131z i\u015f\u00e7inin kalmayaca\u011f\u0131n\u0131 duyurmu\u015ftu. Ba\u015fkan Do\u011fanca, bu ad\u0131m\u0131yla se\u00e7im \u00f6ncesi verdi\u011fi s\u00f6z\u00fc&#8230;<\/p>\n","protected":false},"author":1,"featured_media":11839,"comment_status":"open","ping_status":"open","sticky":false,"template":"","format":"standard","meta":{"_crdt_document":"","footnotes":""},"categories":[125],"tags":[],"class_list":["post-11838","post","type-post","status-publish","format-standard","has-post-thumbnail","hentry","category-ekonomi"],"_links":{"self":[{"href":"https:\/\/www.egemtv.com\/index.php?rest_route=\/wp\/v2\/posts\/11838","targetHints":{"allow":["GET"]}}],"collection":[{"href":"https:\/\/www.egemtv.com\/index.php?rest_route=\/wp\/v2\/posts"}],"about":[{"href":"https:\/\/www.egemtv.com\/index.php?rest_route=\/wp\/v2\/types\/post"}],"author":[{"embeddable":true,"href":"https:\/\/www.egemtv.com\/index.php?rest_route=\/wp\/v2\/users\/1"}],"replies":[{"embeddable":true,"href":"https:\/\/www.egemtv.com\/index.php?rest_route=%2Fwp%2Fv2%2Fcomments&post=11838"}],"version-history":[{"count":1,"href":"https:\/\/www.egemtv.com\/index.php?rest_route=\/wp\/v2\/posts\/11838\/revisions"}],"predecessor-version":[{"id":11840,"href":"https:\/\/www.egemtv.com\/index.php?rest_route=\/wp\/v2\/posts\/11838\/revisions\/11840"}],"wp:featuredmedia":[{"embeddable":true,"href":"https:\/\/www.egemtv.com\/index.php?rest_route=\/wp\/v2\/media\/11839"}],"wp:attachment":[{"href":"https:\/\/www.egemtv.com\/index.php?rest_route=%2Fwp%2Fv2%2Fmedia&parent=11838"}],"wp:term":[{"taxonomy":"category","embeddable":true,"href":"https:\/\/www.egemtv.com\/index.php?rest_route=%2Fwp%2Fv2%2Fcategories&post=11838"},{"taxonomy":"post_tag","embeddable":true,"href":"https:\/\/www.egemtv.com\/index.php?rest_route=%2Fwp%2Fv2%2Ftags&post=11838"}],"curies":[{"name":"wp","href":"https:\/\/api.w.org\/{rel}","templated":true}]}}