{"id":11835,"date":"2025-01-23T16:38:10","date_gmt":"2025-01-23T13:38:10","guid":{"rendered":"https:\/\/www.egemtv.com\/?p=11835"},"modified":"2025-01-23T16:38:13","modified_gmt":"2025-01-23T13:38:13","slug":"belediyeden-ogrencilere-sinema-etkinligi","status":"publish","type":"post","link":"https:\/\/www.egemtv.com\/?p=11835","title":{"rendered":"Belediyeden \u00f6\u011frencilere sinema etkinli\u011fi"},"content":{"rendered":"<p>Bodrum Belediyesi taraf\u0131ndan d\u00fczenlenen kurslarda e\u011fitim g\u00f6ren \u00f6\u011frenciler i\u00e7in sinema etkinli\u011fi organize edildi.<\/p>\n<p>Bodrum Belediyesi G\u00fcvercinlik Sosyal Etkinlik Merkezi ile Turgutreis \u015eevket Sabanc\u0131 K\u00fclt\u00fcr ve Sanat Merkezi\u2019ndeki kurslardan e\u011fitim g\u00f6ren \u00f6\u011frenciler, \u00fccretsiz olarak d\u00fczenlenen sinema etkinli\u011finde bir araya geldi.<\/p>\n<p>Bodrum Belediyesi K\u00fclt\u00fcr ve Sosyal \u0130\u015fler M\u00fcd\u00fcrl\u00fc\u011f\u00fc taraf\u0131ndan 21 Ocak Sal\u0131 ve 22 Ocak \u00c7ar\u015famba g\u00fcn\u00fc OASIS Bodrum Cinemarine\u2019de ger\u00e7ekle\u015ftirilen etkinli\u011fe kat\u0131lan \u00f6\u011frenciler e\u011flenceli ve kaliteli zaman ge\u00e7irdi. \u201cRafadan Tayfa Kapadokya\u201d ve \u201c\u015eampiyonlar\u201d filmini izleyen 105 \u00f6\u011frenci, ara tatilde sinema keyfini doyas\u0131ya ya\u015fad\u0131.<\/p>\n<p>Bodrum Belediyesi, 2022 y\u0131l\u0131ndan bu yana \u00e7e\u015fitli b\u00f6lgelerde \u00fccretsiz e\u011fitim kurslar\u0131 d\u00fczenliyor. G\u00fcvercinlik Sosyal Etkinlik Merkezi ile Turgutreis \u015eevket Sabanc\u0131 K\u00fclt\u00fcr ve Sanat Merkezi\u2019nde devam eden kurslardan 215 \u00f6\u011frenci faydalan\u0131yor.  \u0130lkokul, ortaokul ve lise \u00f6\u011frencilerine y\u00f6nelik d\u00fczenlenen kurslar Matematik ve T\u00fcrk\u00e7e derslerini kaps\u0131yor.<br \/><\/p>\n","protected":false},"excerpt":{"rendered":"<p>Bodrum Belediyesi taraf\u0131ndan d\u00fczenlenen kurslarda e\u011fitim g\u00f6ren \u00f6\u011frenciler i\u00e7in sinema etkinli\u011fi organize edildi. Bodrum Belediyesi G\u00fcvercinlik Sosyal Etkinlik Merkezi ile Turgutreis \u015eevket Sabanc\u0131 K\u00fclt\u00fcr ve Sanat Merkezi\u2019ndeki kurslardan e\u011fitim g\u00f6ren \u00f6\u011frenciler, \u00fccretsiz olarak d\u00fczenlenen sinema etkinli\u011finde bir araya geldi. Bodrum Belediyesi K\u00fclt\u00fcr ve Sosyal \u0130\u015fler M\u00fcd\u00fcrl\u00fc\u011f\u00fc taraf\u0131ndan 21 Ocak Sal\u0131 ve 22 Ocak \u00c7ar\u015famba g\u00fcn\u00fc&#8230;<\/p>\n","protected":false},"author":1,"featured_media":11836,"comment_status":"open","ping_status":"open","sticky":false,"template":"","format":"standard","meta":{"_crdt_document":"","footnotes":""},"categories":[1],"tags":[],"class_list":["post-11835","post","type-post","status-publish","format-standard","has-post-thumbnail","hentry","category-guncel"],"_links":{"self":[{"href":"https:\/\/www.egemtv.com\/index.php?rest_route=\/wp\/v2\/posts\/11835","targetHints":{"allow":["GET"]}}],"collection":[{"href":"https:\/\/www.egemtv.com\/index.php?rest_route=\/wp\/v2\/posts"}],"about":[{"href":"https:\/\/www.egemtv.com\/index.php?rest_route=\/wp\/v2\/types\/post"}],"author":[{"embeddable":true,"href":"https:\/\/www.egemtv.com\/index.php?rest_route=\/wp\/v2\/users\/1"}],"replies":[{"embeddable":true,"href":"https:\/\/www.egemtv.com\/index.php?rest_route=%2Fwp%2Fv2%2Fcomments&post=11835"}],"version-history":[{"count":1,"href":"https:\/\/www.egemtv.com\/index.php?rest_route=\/wp\/v2\/posts\/11835\/revisions"}],"predecessor-version":[{"id":11837,"href":"https:\/\/www.egemtv.com\/index.php?rest_route=\/wp\/v2\/posts\/11835\/revisions\/11837"}],"wp:featuredmedia":[{"embeddable":true,"href":"https:\/\/www.egemtv.com\/index.php?rest_route=\/wp\/v2\/media\/11836"}],"wp:attachment":[{"href":"https:\/\/www.egemtv.com\/index.php?rest_route=%2Fwp%2Fv2%2Fmedia&parent=11835"}],"wp:term":[{"taxonomy":"category","embeddable":true,"href":"https:\/\/www.egemtv.com\/index.php?rest_route=%2Fwp%2Fv2%2Fcategories&post=11835"},{"taxonomy":"post_tag","embeddable":true,"href":"https:\/\/www.egemtv.com\/index.php?rest_route=%2Fwp%2Fv2%2Ftags&post=11835"}],"curies":[{"name":"wp","href":"https:\/\/api.w.org\/{rel}","templated":true}]}}