{"id":11832,"date":"2025-01-23T16:16:02","date_gmt":"2025-01-23T13:16:02","guid":{"rendered":"https:\/\/www.egemtv.com\/?p=11832"},"modified":"2025-01-23T16:16:04","modified_gmt":"2025-01-23T13:16:04","slug":"yol-kenarina-birakilan-supheli-valiz-ekipleri-harekete-gecirdi","status":"publish","type":"post","link":"https:\/\/www.egemtv.com\/?p=11832","title":{"rendered":"Yol kenar\u0131na b\u0131rak\u0131lan \u015f\u00fcpheli valiz ekipleri harekete ge\u00e7irdi"},"content":{"rendered":"<p>Ayd\u0131n\u2019\u0131n Efeler il\u00e7esinde yol kenar\u0131na b\u0131rak\u0131lan \u015f\u00fcpheli valiz ekipleri harekete ge\u00e7irdi, f\u00fcnye ile patlat\u0131lan bavul bo\u015f \u00e7\u0131kt\u0131.<\/p>\n<p>Olay, Efeler il\u00e7esi Efeler Mahallesi Ala\u00e7am Caddesi \u00fczerinde meydana geldi. Edinilen bilgiye g\u00f6re b\u00f6lgedeki vatanda\u015flar, yol kenar\u0131na b\u0131rak\u0131lm\u0131\u015f \u015f\u00fcpheli bir valiz oldu\u011funu fark etti. Uzun s\u00fcre takip eden vatanda\u015flar, valizi almaya gelen olmay\u0131nca tedbir ama\u00e7l\u0131 durumu 112 Acil \u00c7a\u011fr\u0131 Merkezi\u2019ne bildirdi. \u0130hbar \u00fczerine b\u00f6lgeye polis ekipleri sevk edildi. K\u0131sa s\u00fcrede b\u00f6lgeye gelen ekipler, yol ve \u00e7evresinde geni\u015f g\u00fcvenlik \u00f6nlemi ald\u0131. B\u00f6lgeye sevk edilen bomba imha ekipleri, korumal\u0131 k\u0131yafet ile valizi inceledi. Yap\u0131lan incelemenin ard\u0131ndan valiz, f\u00fcnye yard\u0131m\u0131 ile kontroll\u00fc bir \u015fekilde patlat\u0131ld\u0131. \u00c7anta bo\u015f \u00e7\u0131karken, olay ile ilgili inceleme ba\u015flat\u0131ld\u0131.<br \/><\/p>\n","protected":false},"excerpt":{"rendered":"<p>Ayd\u0131n\u2019\u0131n Efeler il\u00e7esinde yol kenar\u0131na b\u0131rak\u0131lan \u015f\u00fcpheli valiz ekipleri harekete ge\u00e7irdi, f\u00fcnye ile patlat\u0131lan bavul bo\u015f \u00e7\u0131kt\u0131. Olay, Efeler il\u00e7esi Efeler Mahallesi Ala\u00e7am Caddesi \u00fczerinde meydana geldi. Edinilen bilgiye g\u00f6re b\u00f6lgedeki vatanda\u015flar, yol kenar\u0131na b\u0131rak\u0131lm\u0131\u015f \u015f\u00fcpheli bir valiz oldu\u011funu fark etti. Uzun s\u00fcre takip eden vatanda\u015flar, valizi almaya gelen olmay\u0131nca tedbir ama\u00e7l\u0131 durumu 112 Acil&#8230;<\/p>\n","protected":false},"author":1,"featured_media":11833,"comment_status":"open","ping_status":"open","sticky":false,"template":"","format":"standard","meta":{"_crdt_document":"","footnotes":""},"categories":[5],"tags":[],"class_list":["post-11832","post","type-post","status-publish","format-standard","has-post-thumbnail","hentry","category-asayis"],"_links":{"self":[{"href":"https:\/\/www.egemtv.com\/index.php?rest_route=\/wp\/v2\/posts\/11832","targetHints":{"allow":["GET"]}}],"collection":[{"href":"https:\/\/www.egemtv.com\/index.php?rest_route=\/wp\/v2\/posts"}],"about":[{"href":"https:\/\/www.egemtv.com\/index.php?rest_route=\/wp\/v2\/types\/post"}],"author":[{"embeddable":true,"href":"https:\/\/www.egemtv.com\/index.php?rest_route=\/wp\/v2\/users\/1"}],"replies":[{"embeddable":true,"href":"https:\/\/www.egemtv.com\/index.php?rest_route=%2Fwp%2Fv2%2Fcomments&post=11832"}],"version-history":[{"count":1,"href":"https:\/\/www.egemtv.com\/index.php?rest_route=\/wp\/v2\/posts\/11832\/revisions"}],"predecessor-version":[{"id":11834,"href":"https:\/\/www.egemtv.com\/index.php?rest_route=\/wp\/v2\/posts\/11832\/revisions\/11834"}],"wp:featuredmedia":[{"embeddable":true,"href":"https:\/\/www.egemtv.com\/index.php?rest_route=\/wp\/v2\/media\/11833"}],"wp:attachment":[{"href":"https:\/\/www.egemtv.com\/index.php?rest_route=%2Fwp%2Fv2%2Fmedia&parent=11832"}],"wp:term":[{"taxonomy":"category","embeddable":true,"href":"https:\/\/www.egemtv.com\/index.php?rest_route=%2Fwp%2Fv2%2Fcategories&post=11832"},{"taxonomy":"post_tag","embeddable":true,"href":"https:\/\/www.egemtv.com\/index.php?rest_route=%2Fwp%2Fv2%2Ftags&post=11832"}],"curies":[{"name":"wp","href":"https:\/\/api.w.org\/{rel}","templated":true}]}}