{"id":11829,"date":"2025-01-23T16:13:53","date_gmt":"2025-01-23T13:13:53","guid":{"rendered":"https:\/\/www.egemtv.com\/?p=11829"},"modified":"2025-01-23T16:13:56","modified_gmt":"2025-01-23T13:13:56","slug":"universiteli-genc-kazada-hayatini-kaybetti","status":"publish","type":"post","link":"https:\/\/www.egemtv.com\/?p=11829","title":{"rendered":"\u00dcniversiteli gen\u00e7 kazada hayat\u0131n\u0131 kaybetti"},"content":{"rendered":"<p>Mu\u011fla\u2019n\u0131n Bodrum il\u00e7esinde meydana gelen motosiklet kazas\u0131nda \u00fcniversite \u00f6\u011frencisi hayat\u0131n\u0131 kaybetti, arkada\u015f\u0131 yaraland\u0131.<br \/>\n<br \/>Kaza, gece saatlerinde Eski\u00e7e\u015fme Mahallesi Osman Nuri Bilgin Caddesi\u2019nde ya\u015fand\u0131. Caddede seyreden 48 ANK 385 plakal\u0131 motosiklet, viraj\u0131 alamay\u0131p devrildi. S\u00fcr\u00fcklenen motosiklet, kald\u0131r\u0131mdaki a\u011faca \u00e7arparak durabildi. Kazada motosiklet s\u00fcr\u00fcc\u00fcs\u00fc \u00d6mer F.T. ile motosiklette yolcu olarak bulunan O\u011fuzhan \u00d6zer yaraland\u0131. \u0130hbar\u0131n ard\u0131ndan 112 Acil Sa\u011fl\u0131k ekipleri olay yerine geldi.<br \/>\n<br \/>Ambulansa al\u0131nan yaral\u0131lar, hastaneye kald\u0131r\u0131ld\u0131. Y\u00fcz\u00fcnde k\u0131r\u0131klar olan ve Mu\u011fla E\u011fitim ve Ara\u015ft\u0131rma Hastanesi\u2019ne kald\u0131r\u0131lan Kocaeli n\u00fcfusuna kay\u0131tl\u0131 O\u011fuzhan \u00d6zer\u2019in hayat\u0131n\u0131 kaybetti\u011fi \u00f6\u011frenildi. Dijital Oyun Tasar\u0131m\u0131 b\u00f6l\u00fcm\u00fcnde okuyan \u00d6zer\u2019in yar\u0131 zamanl\u0131 bir i\u015fte \u00e7al\u0131\u015ft\u0131\u011f\u0131 ve kaza s\u0131ras\u0131nda i\u015ften d\u00f6nd\u00fc\u011f\u00fc bildirildi.<br \/>\n<br \/>Motosikletin s\u00fcr\u00fcc\u00fcs\u00fc oldu\u011fu belirlenen \u00d6mer F.T.\u2019nin ise tedavisinin s\u00fcrd\u00fc\u011f\u00fc \u00f6\u011frenildi. Kazayla ilgili ba\u015flat\u0131lan soru\u015fturma s\u00fcr\u00fcyor.<br \/><\/p>\n","protected":false},"excerpt":{"rendered":"<p>Mu\u011fla\u2019n\u0131n Bodrum il\u00e7esinde meydana gelen motosiklet kazas\u0131nda \u00fcniversite \u00f6\u011frencisi hayat\u0131n\u0131 kaybetti, arkada\u015f\u0131 yaraland\u0131. Kaza, gece saatlerinde Eski\u00e7e\u015fme Mahallesi Osman Nuri Bilgin Caddesi\u2019nde ya\u015fand\u0131. Caddede seyreden 48 ANK 385 plakal\u0131 motosiklet, viraj\u0131 alamay\u0131p devrildi. S\u00fcr\u00fcklenen motosiklet, kald\u0131r\u0131mdaki a\u011faca \u00e7arparak durabildi. Kazada motosiklet s\u00fcr\u00fcc\u00fcs\u00fc \u00d6mer F.T. ile motosiklette yolcu olarak bulunan O\u011fuzhan \u00d6zer yaraland\u0131. \u0130hbar\u0131n ard\u0131ndan 112&#8230;<\/p>\n","protected":false},"author":1,"featured_media":11830,"comment_status":"open","ping_status":"open","sticky":false,"template":"","format":"standard","meta":{"_crdt_document":"","footnotes":""},"categories":[5],"tags":[],"class_list":["post-11829","post","type-post","status-publish","format-standard","has-post-thumbnail","hentry","category-asayis"],"_links":{"self":[{"href":"https:\/\/www.egemtv.com\/index.php?rest_route=\/wp\/v2\/posts\/11829","targetHints":{"allow":["GET"]}}],"collection":[{"href":"https:\/\/www.egemtv.com\/index.php?rest_route=\/wp\/v2\/posts"}],"about":[{"href":"https:\/\/www.egemtv.com\/index.php?rest_route=\/wp\/v2\/types\/post"}],"author":[{"embeddable":true,"href":"https:\/\/www.egemtv.com\/index.php?rest_route=\/wp\/v2\/users\/1"}],"replies":[{"embeddable":true,"href":"https:\/\/www.egemtv.com\/index.php?rest_route=%2Fwp%2Fv2%2Fcomments&post=11829"}],"version-history":[{"count":1,"href":"https:\/\/www.egemtv.com\/index.php?rest_route=\/wp\/v2\/posts\/11829\/revisions"}],"predecessor-version":[{"id":11831,"href":"https:\/\/www.egemtv.com\/index.php?rest_route=\/wp\/v2\/posts\/11829\/revisions\/11831"}],"wp:featuredmedia":[{"embeddable":true,"href":"https:\/\/www.egemtv.com\/index.php?rest_route=\/wp\/v2\/media\/11830"}],"wp:attachment":[{"href":"https:\/\/www.egemtv.com\/index.php?rest_route=%2Fwp%2Fv2%2Fmedia&parent=11829"}],"wp:term":[{"taxonomy":"category","embeddable":true,"href":"https:\/\/www.egemtv.com\/index.php?rest_route=%2Fwp%2Fv2%2Fcategories&post=11829"},{"taxonomy":"post_tag","embeddable":true,"href":"https:\/\/www.egemtv.com\/index.php?rest_route=%2Fwp%2Fv2%2Ftags&post=11829"}],"curies":[{"name":"wp","href":"https:\/\/api.w.org\/{rel}","templated":true}]}}