{"id":11823,"date":"2025-01-23T15:40:45","date_gmt":"2025-01-23T12:40:45","guid":{"rendered":"https:\/\/www.egemtv.com\/?p=11823"},"modified":"2025-01-23T15:40:47","modified_gmt":"2025-01-23T12:40:47","slug":"otel-yangininda-hayatini-kaybeden-anne-ve-kizi-gozyaslariyla-ugurlandi","status":"publish","type":"post","link":"https:\/\/www.egemtv.com\/?p=11823","title":{"rendered":"Otel yang\u0131n\u0131nda hayat\u0131n\u0131 kaybeden anne ve k\u0131z\u0131 g\u00f6zya\u015flar\u0131yla u\u011furland\u0131"},"content":{"rendered":"<p>Bolu Kartalkaya Kayak Merkezi\u2019ndeki otel yang\u0131n\u0131nda 4 ki\u015filik aileden hayat\u0131n\u0131 kaybeden anne ile 10 ya\u015f\u0131ndaki k\u0131z\u0131, memleketleri \u0130zmir\u2019in Urla il\u00e7esinde son yolculu\u011funa u\u011furland\u0131.<br \/>\n<br \/>Bolu Kartalkaya Kayak Merkezi\u2019ndeki Grand Kartal Otel\u2019de ya\u015fanan yang\u0131n facias\u0131nda bir ac\u0131 haber de \u0130zmir\u2019e geldi. Urla il\u00e7esinde emlak dan\u0131\u015fmanl\u0131\u011f\u0131 yapan M\u00fcge Suyolcu (41), in\u015faat m\u00fchendisi e\u015fi Yavuz Suyolcu (42), k\u0131z\u0131 Pera Suyolcu (10) ve o\u011flu G\u00f6ksel Derin Suyolcu\u2019nun (12) yang\u0131n s\u0131ras\u0131nda yar\u0131y\u0131l tatili sebebiyle otelde bulunduklar\u0131 \u00f6\u011frenildi. Facian\u0131n oldu\u011fu esnada 8\u2019inci katta olduklar\u0131 ifade edilen Yavuz Suyolcu ve G\u00f6ksel Derin Suyolcu otelden \u00e7\u0131kmay\u0131 ba\u015far\u0131rken, M\u00fcge Suyolcu ve ilkokul 4\u2019\u00fcnc\u00fc s\u0131n\u0131f \u00f6\u011frenci olan k\u0131z\u0131 Pera Suyolcu mahsur kalarak ya\u015fam\u0131n\u0131 yitirdi.<\/p>\n<p>Yak\u0131nlar\u0131 g\u00f6zya\u015flar\u0131n\u0131 tutamad\u0131<br \/>\n<br \/>Anne ve k\u0131z\u0131 i\u00e7in Urla \u0130skele Yah\u015fibey Camisi\u2019nde bug\u00fcn \u00f6\u011flen cenaze namaz\u0131 k\u0131l\u0131nd\u0131. Cenazede bir yak\u0131n\u0131 bayg\u0131nl\u0131k ge\u00e7irirken, kimi yak\u0131nlar\u0131n\u0131n ise g\u00fc\u00e7l\u00fckle ayakta durdu\u011fu g\u00f6r\u00fcld\u00fc. K\u0131l\u0131nan namaz\u0131n ard\u0131ndan anne ve k\u0131z\u0131n bir s\u00fcre omuzlarda ta\u015f\u0131nan cenazesi Urla \u0130skele Mezarl\u0131\u011f\u0131\u2019na g\u00f6t\u00fcr\u00fcl\u00fcp, topra\u011fa verildi. T\u00f6rene baba Yavuz Suyolcu, o\u011flu G\u00f6ksel Derin Suyolcu, \u0130zmir Valisi S\u00fcleyman Elban, \u0130zmir B\u00fcy\u00fck\u015fehir Belediye Ba\u015fkan\u0131 Cemil Tugay, CHP Genel Ba\u015fkan Yard\u0131mc\u0131s\u0131, Parti S\u00f6zc\u00fcs\u00fc ve \u0130zmir Milletvekili Deniz Y\u00fccel, \u00d6nceki d\u00f6nem Gen\u00e7lik ve Spor Bakan\u0131, \u0130zmir Milletvekili Mehmet Kasapo\u011flu, AK Parti \u0130zmir \u0130l Ba\u015fkan\u0131 Bilal Sayg\u0131l\u0131, Urla Belediye Ba\u015fkan\u0131 Sel\u00e7uk Balkan, \u00fcnl\u00fc oyuncu Cemal H\u00fcnal, akrabalar\u0131 ve yak\u0131nlar\u0131 kat\u0131ld\u0131.<\/p>\n<p>&#8220;Benim meleklerim son de\u011fil, d\u00fcnyan\u0131n kural\u0131 bu&#8221;<br \/>\n<br \/>T\u00f6rende bas\u0131n mensuplar\u0131na yapt\u0131\u011f\u0131 a\u00e7\u0131klamada, herkes i\u00e7in \u00e7ok zor bir durum oldu\u011fundan bahseden Baba Yavuz Suyolcu, &#8220;Benim meleklerim son de\u011fil. D\u00fcnyan\u0131n kural\u0131 bu&#8221; dedi.<\/p>\n<p>&#8220;A\u015fa\u011f\u0131 inerken kalabal\u0131ktan \u00e7arp\u0131\u015f\u0131yorlar&#8221;<br \/>\n<br \/>Yak\u0131n\u0131 \u0130smet \u00d6zgen\u00e7 ise, &#8220;D\u00f6rd\u00fcnc\u00fc kata \u00e7\u0131kt\u0131\u011f\u0131 i\u00e7in duman yukar\u0131 \u00e7\u0131k\u0131yor. Hep beraber el ele tutu\u015fuyorlar. Ekmek getiren bir adam ba\u011f\u0131r\u0131p \u00e7a\u011f\u0131r\u0131yor. Sekizinci kattan d\u00f6rd\u00fcnc\u00fc kata kadar zor geliyorlar. Sonra kalabal\u0131ktan \u00e7arp\u0131\u015f\u0131yorlar. Baba ile o\u011flu \u00e7\u0131k\u0131yor. Onlar kal\u0131yor&#8221; dedi.<\/p>\n<p>&#8220;Pera doktor ve mimar olmak istiyordu&#8221;<br \/>\n<br \/>Baba ve annenin, \u00e7ocuklar\u0131n\u0131 tatil hediyesi olarak kayak merkezine g\u00f6t\u00fcrd\u00fcklerinden bahseden \u00d6zgen\u00e7, \u201cKaya\u011f\u0131 \u00e7ok seviyorlar. \u00c7ok \u00e7al\u0131\u015fkan ve ak\u0131ll\u0131 bir kad\u0131n. Pera doktor ve mimar olmak istiyordu. Daha \u00e7ocuktu\u201d a\u00e7\u0131klamalar\u0131nda bulundu.<br \/><\/p>\n","protected":false},"excerpt":{"rendered":"<p>Bolu Kartalkaya Kayak Merkezi\u2019ndeki otel yang\u0131n\u0131nda 4 ki\u015filik aileden hayat\u0131n\u0131 kaybeden anne ile 10 ya\u015f\u0131ndaki k\u0131z\u0131, memleketleri \u0130zmir\u2019in Urla il\u00e7esinde son yolculu\u011funa u\u011furland\u0131. Bolu Kartalkaya Kayak Merkezi\u2019ndeki Grand Kartal Otel\u2019de ya\u015fanan yang\u0131n facias\u0131nda bir ac\u0131 haber de \u0130zmir\u2019e geldi. Urla il\u00e7esinde emlak dan\u0131\u015fmanl\u0131\u011f\u0131 yapan M\u00fcge Suyolcu (41), in\u015faat m\u00fchendisi e\u015fi Yavuz Suyolcu (42), k\u0131z\u0131 Pera&#8230;<\/p>\n","protected":false},"author":1,"featured_media":11824,"comment_status":"open","ping_status":"open","sticky":false,"template":"","format":"standard","meta":{"_crdt_document":"","footnotes":""},"categories":[1],"tags":[],"class_list":["post-11823","post","type-post","status-publish","format-standard","has-post-thumbnail","hentry","category-guncel"],"_links":{"self":[{"href":"https:\/\/www.egemtv.com\/index.php?rest_route=\/wp\/v2\/posts\/11823","targetHints":{"allow":["GET"]}}],"collection":[{"href":"https:\/\/www.egemtv.com\/index.php?rest_route=\/wp\/v2\/posts"}],"about":[{"href":"https:\/\/www.egemtv.com\/index.php?rest_route=\/wp\/v2\/types\/post"}],"author":[{"embeddable":true,"href":"https:\/\/www.egemtv.com\/index.php?rest_route=\/wp\/v2\/users\/1"}],"replies":[{"embeddable":true,"href":"https:\/\/www.egemtv.com\/index.php?rest_route=%2Fwp%2Fv2%2Fcomments&post=11823"}],"version-history":[{"count":1,"href":"https:\/\/www.egemtv.com\/index.php?rest_route=\/wp\/v2\/posts\/11823\/revisions"}],"predecessor-version":[{"id":11825,"href":"https:\/\/www.egemtv.com\/index.php?rest_route=\/wp\/v2\/posts\/11823\/revisions\/11825"}],"wp:featuredmedia":[{"embeddable":true,"href":"https:\/\/www.egemtv.com\/index.php?rest_route=\/wp\/v2\/media\/11824"}],"wp:attachment":[{"href":"https:\/\/www.egemtv.com\/index.php?rest_route=%2Fwp%2Fv2%2Fmedia&parent=11823"}],"wp:term":[{"taxonomy":"category","embeddable":true,"href":"https:\/\/www.egemtv.com\/index.php?rest_route=%2Fwp%2Fv2%2Fcategories&post=11823"},{"taxonomy":"post_tag","embeddable":true,"href":"https:\/\/www.egemtv.com\/index.php?rest_route=%2Fwp%2Fv2%2Ftags&post=11823"}],"curies":[{"name":"wp","href":"https:\/\/api.w.org\/{rel}","templated":true}]}}