{"id":11820,"date":"2025-01-23T15:31:22","date_gmt":"2025-01-23T12:31:22","guid":{"rendered":"https:\/\/www.egemtv.com\/?p=11820"},"modified":"2025-01-23T15:31:24","modified_gmt":"2025-01-23T12:31:24","slug":"buyuksehir-nazillide-cevre-duzenleme-calismalarina-devam-ediyor","status":"publish","type":"post","link":"https:\/\/www.egemtv.com\/?p=11820","title":{"rendered":"B\u00fcy\u00fck\u015fehir, Nazilli\u2019de \u00e7evre d\u00fczenleme \u00e7al\u0131\u015fmalar\u0131na devam ediyor"},"content":{"rendered":"<p>Ayd\u0131n B\u00fcy\u00fck\u015fehir Belediyesi, kentin d\u00f6rt bir yan\u0131nda ger\u00e7ekle\u015ftirdi\u011fi \u00e7al\u0131\u015fmalar\u0131na devam ediyor. B\u00fcy\u00fck\u015fehir Belediyesi Park ve Bah\u00e7eler Dairesi Ba\u015fkanl\u0131\u011f\u0131, \u00c7evre Koruma ve Kontrol Dairesi Ba\u015fkanl\u0131\u011f\u0131 ile Ula\u015f\u0131m Dairesi Ba\u015fkanl\u0131\u011f\u0131 ekipleri, Nazilli il\u00e7esinde kapsaml\u0131 \u00e7al\u0131\u015fma ger\u00e7ekle\u015ftirdi.<br \/>\n<br \/>74 personel ve 16 ara\u00e7 ile ger\u00e7ekle\u015ftirilen \u00e7al\u0131\u015fmalar vatanda\u015flar taraf\u0131ndan da takdirle kar\u015f\u0131land\u0131. B\u00fcy\u00fck\u015fehir Belediyesi\u2019nin s\u00fcrd\u00fcrd\u00fc\u011f\u00fc programl\u0131 \u00e7al\u0131\u015fmalar ile kazanan Nazilli ve Nazillililer oluyor.<br \/>\n<br \/>Park ve Bah\u00e7eler Dairesi Ba\u015fkanl\u0131\u011f\u0131 ekipleri; Uzun \u00c7ar\u015f\u0131, \u0130stasyon Meydan\u0131, Ordu Caddesi, Atat\u00fcrk Bulvar\u0131 ve H\u00fcrriyet Bulvar\u0131 ba\u015fta olmak \u00fczere il\u00e7enin ana arterlerinde peyzaj ve \u00e7evre d\u00fczenleme \u00e7al\u0131\u015fmalar\u0131na devam ediyor. S\u00fcrd\u00fcr\u00fclen \u00e7al\u0131\u015fmalar kapsam\u0131nda; ref\u00fcj ve caddelerde boyama, s\u00fcr\u00fcc\u00fclerin ve yayalar\u0131n g\u00fcvenli\u011fi i\u00e7in a\u011fa\u00e7 budamalar\u0131, trim\u00f6r, bak\u0131m ve temizlik faaliyetleri ger\u00e7ekle\u015ftiriliyor. B\u00fcy\u00fck\u015fehir Belediyesi\u2019nin fidanl\u0131klar\u0131nda yeti\u015ftirilen mevsimlik \u00e7i\u00e7ekler ile Nazilli s\u00fcsleniyor.<br \/>\n<br \/>Ula\u015f\u0131m Dairesi Ba\u015fkanl\u0131\u011f\u0131 ekipleri, il\u00e7ede bulunan otob\u00fcs duraklar\u0131nda kapsaml\u0131 bak\u0131m ve onar\u0131m \u00e7al\u0131\u015fmalar\u0131 ger\u00e7ekle\u015ftiriyor. Temizleme ve yenileme faaliyetleriyle de duraklar, vatanda\u015flara ilk g\u00fcnk\u00fc konforuyla hizmet vermeye devam ediyor. Ekipler, yaya ge\u00e7itleri ile sinyalizasyonlar, trafik levhalar\u0131 ve delinat\u00f6rlerde bak\u0131m \u00e7al\u0131\u015fmalar\u0131n\u0131 da ger\u00e7ekle\u015ftiriyor.<br \/>\n<br \/>\u00c7evre Koruma ve Kontrol Dairesi Ba\u015fkanl\u0131\u011f\u0131 ekipleri, Nazilli\u2019nin cadde ve bulvarlar\u0131 ile otob\u00fcs duraklar\u0131nda \u00e7evre koruma ve bak\u0131m \u00e7al\u0131\u015fmalar\u0131na devam ediyor. Ekiplerin mesai mefhumu g\u00f6zetmeksizin s\u00fcrd\u00fcrd\u00fc\u011f\u00fc \u00e7al\u0131\u015fmalar ile Nazilli p\u0131r\u0131l p\u0131r\u0131l oluyor.<br \/>\n<br \/>Ba\u015fkan \u00c7er\u00e7io\u011flu: Kentimiz i\u00e7in \u00f6zverili \u00e7al\u0131\u015fmalar\u0131m\u0131z s\u00fcrecek<br \/>\n<br \/>Ayd\u0131n\u2019\u0131n t\u00fcm il\u00e7elerine gece g\u00fcnd\u00fcz demeden hizmet ula\u015ft\u0131rd\u0131klar\u0131n\u0131 ifade eden Ayd\u0131n B\u00fcy\u00fck\u015fehir Belediye Ba\u015fkan\u0131 \u00d6zlem \u00c7er\u00e7io\u011flu, \u201cVatanda\u015f odakl\u0131 belediyecilik \u00e7al\u0131\u015fmalar\u0131m\u0131z\u0131 s\u00fcrd\u00fcr\u00fcyor, hizmetlerimizi hem\u015fehrilerimize \u00f6zveriyle ula\u015ft\u0131rmaya devam ediyoruz. Vatanda\u015flar\u0131m\u0131z\u0131n mutlulu\u011fu ve refah\u0131, bizim en b\u00fcy\u00fck motivasyon kayna\u011f\u0131m\u0131z. \u00c7al\u0131\u015fmalar\u0131m\u0131za devam edece\u011fiz\u201d ifadelerini kulland\u0131.<br \/>\n<br \/>\u00c7al\u0131\u015fmalardan memnuniyet duyduklar\u0131n\u0131 belirten vatanda\u015flar, hizmetlerinden dolay\u0131 Ayd\u0131n B\u00fcy\u00fck\u015fehir Belediye Ba\u015fkan\u0131 \u00d6zlem \u00c7er\u00e7io\u011flu\u2019na te\u015fekk\u00fcr etti.<br \/><\/p>\n","protected":false},"excerpt":{"rendered":"<p>Ayd\u0131n B\u00fcy\u00fck\u015fehir Belediyesi, kentin d\u00f6rt bir yan\u0131nda ger\u00e7ekle\u015ftirdi\u011fi \u00e7al\u0131\u015fmalar\u0131na devam ediyor. B\u00fcy\u00fck\u015fehir Belediyesi Park ve Bah\u00e7eler Dairesi Ba\u015fkanl\u0131\u011f\u0131, \u00c7evre Koruma ve Kontrol Dairesi Ba\u015fkanl\u0131\u011f\u0131 ile Ula\u015f\u0131m Dairesi Ba\u015fkanl\u0131\u011f\u0131 ekipleri, Nazilli il\u00e7esinde kapsaml\u0131 \u00e7al\u0131\u015fma ger\u00e7ekle\u015ftirdi. 74 personel ve 16 ara\u00e7 ile ger\u00e7ekle\u015ftirilen \u00e7al\u0131\u015fmalar vatanda\u015flar taraf\u0131ndan da takdirle kar\u015f\u0131land\u0131. B\u00fcy\u00fck\u015fehir Belediyesi\u2019nin s\u00fcrd\u00fcrd\u00fc\u011f\u00fc programl\u0131 \u00e7al\u0131\u015fmalar ile kazanan Nazilli&#8230;<\/p>\n","protected":false},"author":1,"featured_media":11821,"comment_status":"open","ping_status":"open","sticky":false,"template":"","format":"standard","meta":{"_crdt_document":"","footnotes":""},"categories":[1],"tags":[],"class_list":["post-11820","post","type-post","status-publish","format-standard","has-post-thumbnail","hentry","category-guncel"],"_links":{"self":[{"href":"https:\/\/www.egemtv.com\/index.php?rest_route=\/wp\/v2\/posts\/11820","targetHints":{"allow":["GET"]}}],"collection":[{"href":"https:\/\/www.egemtv.com\/index.php?rest_route=\/wp\/v2\/posts"}],"about":[{"href":"https:\/\/www.egemtv.com\/index.php?rest_route=\/wp\/v2\/types\/post"}],"author":[{"embeddable":true,"href":"https:\/\/www.egemtv.com\/index.php?rest_route=\/wp\/v2\/users\/1"}],"replies":[{"embeddable":true,"href":"https:\/\/www.egemtv.com\/index.php?rest_route=%2Fwp%2Fv2%2Fcomments&post=11820"}],"version-history":[{"count":1,"href":"https:\/\/www.egemtv.com\/index.php?rest_route=\/wp\/v2\/posts\/11820\/revisions"}],"predecessor-version":[{"id":11822,"href":"https:\/\/www.egemtv.com\/index.php?rest_route=\/wp\/v2\/posts\/11820\/revisions\/11822"}],"wp:featuredmedia":[{"embeddable":true,"href":"https:\/\/www.egemtv.com\/index.php?rest_route=\/wp\/v2\/media\/11821"}],"wp:attachment":[{"href":"https:\/\/www.egemtv.com\/index.php?rest_route=%2Fwp%2Fv2%2Fmedia&parent=11820"}],"wp:term":[{"taxonomy":"category","embeddable":true,"href":"https:\/\/www.egemtv.com\/index.php?rest_route=%2Fwp%2Fv2%2Fcategories&post=11820"},{"taxonomy":"post_tag","embeddable":true,"href":"https:\/\/www.egemtv.com\/index.php?rest_route=%2Fwp%2Fv2%2Ftags&post=11820"}],"curies":[{"name":"wp","href":"https:\/\/api.w.org\/{rel}","templated":true}]}}