{"id":11817,"date":"2025-01-23T15:22:56","date_gmt":"2025-01-23T12:22:56","guid":{"rendered":"https:\/\/www.egemtv.com\/?p=11817"},"modified":"2025-01-23T15:22:58","modified_gmt":"2025-01-23T12:22:58","slug":"baskan-cercioglundan-sokeye-1-milyar-719-milyon-tl-degerinde-yatirim","status":"publish","type":"post","link":"https:\/\/www.egemtv.com\/?p=11817","title":{"rendered":"Ba\u015fkan \u00c7er\u00e7io\u011flu\u2019ndan S\u00f6ke\u2019ye \u20191 Milyar 719 Milyon TL\u2019 de\u011ferinde yat\u0131r\u0131m"},"content":{"rendered":"<p>Ayd\u0131n B\u00fcy\u00fck\u015fehir Belediyesi Su ve Kanalizasyon \u0130daresi (ASK\u0130) Genel M\u00fcd\u00fcr\u00fc Hakan Olka\u00e7, Genel Sekreter Yard\u0131mc\u0131s\u0131 Zafer U\u00e7ar ve Burak \u00d6rnek ile Fen \u0130\u015fleri Dairesi Ba\u015fkan\u0131 Ufuk Serdar \u00d6zmen, S\u00f6ke Belediye Ba\u015fkan\u0131 Mustafa \u0130berya Ar\u0131kan\u2019\u0131 ziyaret ederek Ayd\u0131n B\u00fcy\u00fck\u015fehir Belediye Ba\u015fkan\u0131 \u00d6zlem \u00c7er\u00e7io\u011flu taraf\u0131ndan S\u00f6ke il\u00e7esine ger\u00e7ekle\u015ftirilen yat\u0131r\u0131m ve \u00e7al\u0131\u015fmalar\u0131 de\u011ferlendirdi.<\/p>\n<p>B\u00fcy\u00fck\u015fehir Belediyesi ve ASK\u0130 taraf\u0131ndan S\u00f6ke il\u00e7esi genelinde ger\u00e7ekle\u015ftirilen g\u00fcncel de\u011ferler ile 1 milyar 719 milyon T\u00fcrk Liras\u0131 de\u011ferindeki yat\u0131r\u0131mlar ziyarette ele al\u0131nd\u0131. B\u00fcy\u00fck\u015fehir Belediyesi ve ASK\u0130 taraf\u0131ndan yap\u0131m\u0131 tamamlanarak vatanda\u015flar\u0131n hizmetine sunulan 400 kilometre uzunlu\u011fundaki altyap\u0131 \u00e7al\u0131\u015fmas\u0131 ile 323 kilometre uzunlu\u011fundaki yol \u00e7al\u0131\u015fmas\u0131n\u0131n yan\u0131 s\u0131ra S\u00f6ke Otogar\u0131, Yeralt\u0131 Otopark\u0131, pazar alan\u0131nda ger\u00e7ekle\u015ftirilen \u00e7al\u0131\u015fmalar, 100. Y\u0131l \u00c7al\u0131\u015fma Salonu ile proje a\u015famas\u0131 tamamlanan Atat\u00fcrk Park\u0131 ziyaretin ana ba\u015fl\u0131klar\u0131ndan oldu. Ar\u0131kan, S\u00f6ke\u2019de hayata ge\u00e7irilen projeler ve yat\u0131r\u0131mlar nedeniyle Ba\u015fkan \u00c7er\u00e7io\u011flu\u2019na te\u015fekk\u00fcr etti.<\/p>\n<p>B\u00fcrokratlar, B\u00fcy\u00fck\u015fehir Belediyesi ve ASK\u0130\u2019nin S\u00f6ke\u2019de g\u00f6rev yapan birimleri ile de bir araya geldi. K\u0131rsaldan kent merkezine kadar her g\u00fcn S\u00f6keli vatanda\u015flar\u0131 ziyaret ederek hizmetleri ula\u015ft\u0131ran personeller arac\u0131l\u0131\u011f\u0131 ile vatanda\u015flardan gelen g\u00f6r\u00fc\u015f, talep ve \u00f6nerileri de\u011ferlendiren b\u00fcrokratlar, vatanda\u015f odakl\u0131 belediyecilik anlay\u0131\u015f\u0131 ile gelecekte yap\u0131lacak yat\u0131r\u0131mlar\u0131 \u015fekillendiriyor.<\/p>\n<p>Ba\u015fkan \u00c7er\u00e7io\u011flu: \u00c7al\u0131\u015fmalar\u0131m\u0131z ile kazanan Ayd\u0131n ve Ayd\u0131nl\u0131lar oluyor<br \/>\n<br \/>Ayd\u0131n\u2019\u0131n t\u00fcm il\u00e7elerinde \u00e7al\u0131\u015fmalar\u0131n devam edece\u011fini belirten Ba\u015fkan \u00c7er\u00e7io\u011flu, \u201cB\u00fcy\u00fck\u015fehir Belediyemiz ve ASK\u0130\u2019nin \u00e7al\u0131\u015fmalar\u0131 ile kazanan Ayd\u0131n ve Ayd\u0131nl\u0131lar oluyor. Vatanda\u015f odakl\u0131 belediyecilik hizmetlerimizi s\u00fcrd\u00fcrecek, S\u00f6ke\u2019de ve kentimizin d\u00f6rt bir yan\u0131nda \u00e7al\u0131\u015fmalar\u0131m\u0131za devam edece\u011fiz\u201d ifadelerini kulland\u0131.<br \/><\/p>\n","protected":false},"excerpt":{"rendered":"<p>Ayd\u0131n B\u00fcy\u00fck\u015fehir Belediyesi Su ve Kanalizasyon \u0130daresi (ASK\u0130) Genel M\u00fcd\u00fcr\u00fc Hakan Olka\u00e7, Genel Sekreter Yard\u0131mc\u0131s\u0131 Zafer U\u00e7ar ve Burak \u00d6rnek ile Fen \u0130\u015fleri Dairesi Ba\u015fkan\u0131 Ufuk Serdar \u00d6zmen, S\u00f6ke Belediye Ba\u015fkan\u0131 Mustafa \u0130berya Ar\u0131kan\u2019\u0131 ziyaret ederek Ayd\u0131n B\u00fcy\u00fck\u015fehir Belediye Ba\u015fkan\u0131 \u00d6zlem \u00c7er\u00e7io\u011flu taraf\u0131ndan S\u00f6ke il\u00e7esine ger\u00e7ekle\u015ftirilen yat\u0131r\u0131m ve \u00e7al\u0131\u015fmalar\u0131 de\u011ferlendirdi. B\u00fcy\u00fck\u015fehir Belediyesi ve ASK\u0130 taraf\u0131ndan&#8230;<\/p>\n","protected":false},"author":1,"featured_media":11818,"comment_status":"open","ping_status":"open","sticky":false,"template":"","format":"standard","meta":{"_crdt_document":"","footnotes":""},"categories":[1],"tags":[],"class_list":["post-11817","post","type-post","status-publish","format-standard","has-post-thumbnail","hentry","category-guncel"],"_links":{"self":[{"href":"https:\/\/www.egemtv.com\/index.php?rest_route=\/wp\/v2\/posts\/11817","targetHints":{"allow":["GET"]}}],"collection":[{"href":"https:\/\/www.egemtv.com\/index.php?rest_route=\/wp\/v2\/posts"}],"about":[{"href":"https:\/\/www.egemtv.com\/index.php?rest_route=\/wp\/v2\/types\/post"}],"author":[{"embeddable":true,"href":"https:\/\/www.egemtv.com\/index.php?rest_route=\/wp\/v2\/users\/1"}],"replies":[{"embeddable":true,"href":"https:\/\/www.egemtv.com\/index.php?rest_route=%2Fwp%2Fv2%2Fcomments&post=11817"}],"version-history":[{"count":1,"href":"https:\/\/www.egemtv.com\/index.php?rest_route=\/wp\/v2\/posts\/11817\/revisions"}],"predecessor-version":[{"id":11819,"href":"https:\/\/www.egemtv.com\/index.php?rest_route=\/wp\/v2\/posts\/11817\/revisions\/11819"}],"wp:featuredmedia":[{"embeddable":true,"href":"https:\/\/www.egemtv.com\/index.php?rest_route=\/wp\/v2\/media\/11818"}],"wp:attachment":[{"href":"https:\/\/www.egemtv.com\/index.php?rest_route=%2Fwp%2Fv2%2Fmedia&parent=11817"}],"wp:term":[{"taxonomy":"category","embeddable":true,"href":"https:\/\/www.egemtv.com\/index.php?rest_route=%2Fwp%2Fv2%2Fcategories&post=11817"},{"taxonomy":"post_tag","embeddable":true,"href":"https:\/\/www.egemtv.com\/index.php?rest_route=%2Fwp%2Fv2%2Ftags&post=11817"}],"curies":[{"name":"wp","href":"https:\/\/api.w.org\/{rel}","templated":true}]}}