{"id":11814,"date":"2025-01-23T15:13:07","date_gmt":"2025-01-23T12:13:07","guid":{"rendered":"https:\/\/www.egemtv.com\/?p=11814"},"modified":"2025-01-23T15:13:10","modified_gmt":"2025-01-23T12:13:10","slug":"aydinda-moda-fuari-acildi","status":"publish","type":"post","link":"https:\/\/www.egemtv.com\/?p=11814","title":{"rendered":"Ayd\u0131n\u2019da Moda Fuar\u0131 a\u00e7\u0131ld\u0131"},"content":{"rendered":"<p>Ayd\u0131n B\u00fcy\u00fck\u015fehir Belediye Ba\u015fkan\u0131 \u00d6zlem \u00c7er\u00e7io\u011flu taraf\u0131ndan kente kazand\u0131r\u0131lan Fuar Ayd\u0131n bir etkinli\u011fe daha ev sahipli\u011fi yap\u0131yor. T\u00fcrkiye\u2019nin en b\u00fcy\u00fck giyim fuarlar\u0131ndan olan Moda Fuar\u0131, B\u00fcy\u00fck\u015fehir Belediyesi taraf\u0131ndan Ayd\u0131n Tekstil Park\u0131 i\u00e7erisinde restorasyonu tamamlanarak hizmete sunulan Fuar Ayd\u0131n\u2019da d\u00fczenleniyor.<\/p>\n<p>Moda Fuar\u0131, 26 Ocak Pazar g\u00fcn\u00fcne kadar devam edecek. Fuar, 11.00 ile 22.00 saatleri aras\u0131nda moda tutkunlar\u0131n\u0131 a\u011f\u0131rlayacak. Ayd\u0131n Tekstil Park ve Fuar Ayd\u0131n alanlar\u0131n\u0131n restorasyonlar\u0131ndan dolay\u0131 memnuniyet duydu\u011funu belirten Fatma Uygur, Ba\u015fkan \u00c7er\u00e7io\u011flu\u2019na te\u015fekk\u00fcr etti. Uygur, \u201cYer olarak g\u00fczel, \u00e7ok g\u00fczel de dizayn edilmi\u015f. Eskiden tekstil fabrikas\u0131yd\u0131 buras\u0131, \u015fimdi fuar alan\u0131 olarak \u00e7e\u015fitli aktivitelerde kullan\u0131l\u0131yor. Ayd\u0131n i\u00e7in \u00e7ok g\u00fczel. Zaten bu alan at\u0131l vaziyetteydi y\u0131llarca, nas\u0131l de\u011ferlendirilece\u011fi ile alakal\u0131 anketler yap\u0131ld\u0131. Bizler, insanlar\u0131n hafta sonu gelerek soluklanabilece\u011fi bir park yap\u0131lmas\u0131n\u0131 istedik, \u00e7ok g\u00fczel oldu. Ben memnunum. Ayd\u0131n\u2019a b\u00f6yle bir hizmet verdi\u011fi i\u00e7in Belediye Ba\u015fkan\u0131m\u0131z \u00d6zlem \u00c7er\u00e7io\u011flu\u2019na \u00e7ok \u00e7ok te\u015fekk\u00fcr ediyoruz\u201d dedi.<\/p>\n<p>Fuar Ayd\u0131n alan\u0131n\u0131 \u00e7ok be\u011fendi\u011fini s\u00f6yleyen Zeynep Sayg\u0131n ise Ba\u015fkan \u00c7er\u00e7io\u011flu\u2019na te\u015fekk\u00fcr etti ve \u201cBiz Fuar Ayd\u0131n\u2019\u0131 \u00e7ok sevdik. \u00dcr\u00fcnler m\u00fcthi\u015f g\u00fczel, fiyatlar \u00e7ok uygun. \u00d6zlem \u00c7er\u00e7io\u011flu\u2019na \u00e7ok te\u015fekk\u00fcr ederiz\u201d diye konu\u015ftu.<\/p>\n<p>\u201cAyd\u0131n\u2019a bu alan\u0131 kazand\u0131rd\u0131\u011f\u0131 i\u00e7in \u00d6zlem \u00c7er\u00e7io\u011flu\u2019na te\u015fekk\u00fcrler\u201d<br \/>\n<br \/>Fuar\u0131 e\u015fiyle birlikte ziyaret eden Yavuz Tekg\u00f6z, \u201cAyd\u0131n i\u00e7in bir ilk. G\u00fczel bir kazan\u0131m. \u00c7ok g\u00fczel, \u00e7ok \u015f\u0131k, ger\u00e7ekten g\u00fczel bir fuar. \u00d6zlem \u00c7er\u00e7io\u011flu\u2019na te\u015fekk\u00fcr ediyoruz Ayd\u0131n\u2019a b\u00f6yle bir proje, b\u00f6yle bir kazan\u0131m yapt\u0131\u011f\u0131 i\u00e7in\u201d ifadelerini kulland\u0131.<br \/>\n<br \/>Z\u00fcbeyde Tekg\u00f6z ise, \u201cE\u015fimle birlikte geldik fuar\u0131n a\u00e7\u0131ld\u0131\u011f\u0131n\u0131 duyunca. Mutlu olduk b\u00f6yle bir fuar\u0131n yap\u0131lmas\u0131ndan, g\u00fczel bir \u015fey b\u00f6yle bir etkinli\u011fin d\u00fczenlenmesi. G\u00fczel bir etkinlik, \u00d6zlem Ba\u015fkana te\u015fekk\u00fcr ederiz\u201d diye konu\u015ftu.<br \/><\/p>\n","protected":false},"excerpt":{"rendered":"<p>Ayd\u0131n B\u00fcy\u00fck\u015fehir Belediye Ba\u015fkan\u0131 \u00d6zlem \u00c7er\u00e7io\u011flu taraf\u0131ndan kente kazand\u0131r\u0131lan Fuar Ayd\u0131n bir etkinli\u011fe daha ev sahipli\u011fi yap\u0131yor. T\u00fcrkiye\u2019nin en b\u00fcy\u00fck giyim fuarlar\u0131ndan olan Moda Fuar\u0131, B\u00fcy\u00fck\u015fehir Belediyesi taraf\u0131ndan Ayd\u0131n Tekstil Park\u0131 i\u00e7erisinde restorasyonu tamamlanarak hizmete sunulan Fuar Ayd\u0131n\u2019da d\u00fczenleniyor. Moda Fuar\u0131, 26 Ocak Pazar g\u00fcn\u00fcne kadar devam edecek. Fuar, 11.00 ile 22.00 saatleri aras\u0131nda moda&#8230;<\/p>\n","protected":false},"author":1,"featured_media":11815,"comment_status":"open","ping_status":"open","sticky":false,"template":"","format":"standard","meta":{"_crdt_document":"","footnotes":""},"categories":[1],"tags":[],"class_list":["post-11814","post","type-post","status-publish","format-standard","has-post-thumbnail","hentry","category-guncel"],"_links":{"self":[{"href":"https:\/\/www.egemtv.com\/index.php?rest_route=\/wp\/v2\/posts\/11814","targetHints":{"allow":["GET"]}}],"collection":[{"href":"https:\/\/www.egemtv.com\/index.php?rest_route=\/wp\/v2\/posts"}],"about":[{"href":"https:\/\/www.egemtv.com\/index.php?rest_route=\/wp\/v2\/types\/post"}],"author":[{"embeddable":true,"href":"https:\/\/www.egemtv.com\/index.php?rest_route=\/wp\/v2\/users\/1"}],"replies":[{"embeddable":true,"href":"https:\/\/www.egemtv.com\/index.php?rest_route=%2Fwp%2Fv2%2Fcomments&post=11814"}],"version-history":[{"count":1,"href":"https:\/\/www.egemtv.com\/index.php?rest_route=\/wp\/v2\/posts\/11814\/revisions"}],"predecessor-version":[{"id":11816,"href":"https:\/\/www.egemtv.com\/index.php?rest_route=\/wp\/v2\/posts\/11814\/revisions\/11816"}],"wp:featuredmedia":[{"embeddable":true,"href":"https:\/\/www.egemtv.com\/index.php?rest_route=\/wp\/v2\/media\/11815"}],"wp:attachment":[{"href":"https:\/\/www.egemtv.com\/index.php?rest_route=%2Fwp%2Fv2%2Fmedia&parent=11814"}],"wp:term":[{"taxonomy":"category","embeddable":true,"href":"https:\/\/www.egemtv.com\/index.php?rest_route=%2Fwp%2Fv2%2Fcategories&post=11814"},{"taxonomy":"post_tag","embeddable":true,"href":"https:\/\/www.egemtv.com\/index.php?rest_route=%2Fwp%2Fv2%2Ftags&post=11814"}],"curies":[{"name":"wp","href":"https:\/\/api.w.org\/{rel}","templated":true}]}}