{"id":11811,"date":"2025-01-23T15:07:25","date_gmt":"2025-01-23T12:07:25","guid":{"rendered":"https:\/\/www.egemtv.com\/?p=11811"},"modified":"2025-01-23T15:07:27","modified_gmt":"2025-01-23T12:07:27","slug":"yetenek-taramasi-subat-ayinda-basliyor","status":"publish","type":"post","link":"https:\/\/www.egemtv.com\/?p=11811","title":{"rendered":"Yetenek taramas\u0131 \u015eubat ay\u0131nda ba\u015fl\u0131yor"},"content":{"rendered":"<p>Afyonkarahisar\u2019da \u015eubat ay\u0131nda okullarda ba\u015flayacak olan yetenek taramas\u0131 i\u00e7in toplant\u0131 d\u00fczenlendi.<br \/>\n<br \/>Afyonkarahisar Gen\u00e7lik ve Spor \u0130l M\u00fcd\u00fcr\u00fc \u0130smail Hakk\u0131 Kasapo\u011flu ba\u015fkanl\u0131\u011f\u0131nda, \u015eubat ay\u0131nda ba\u015flayacak olan T\u00fcrkiye Sportif Yetenek Taramas\u0131 ve Spora Y\u00f6nlendirme Program\u0131 \u00e7er\u00e7evesinde \u015eube M\u00fcd\u00fcr\u00fc Adil Kambero\u011flu ve antren\u00f6rlerin kat\u0131l\u0131m\u0131yla bir toplant\u0131 d\u00fczenlendi. Milli E\u011fitim Bakanl\u0131\u011f\u0131 (MEB) ile Gen\u00e7lik ve Spor Bakanl\u0131\u011f\u0131 (GSB) aras\u0131nda yap\u0131lan protokol \u00e7er\u00e7evesinde y\u00fcr\u00fct\u00fclen program, ilkokul \u00fc\u00e7\u00fcnc\u00fc s\u0131n\u0131fta e\u011fitim g\u00f6ren yetenekli gen\u00e7lerin tespit edilmesi ve spora y\u00f6nlendirilmesi amac\u0131yla d\u00fczenleniyor.<br \/>\n<br \/>Toplant\u0131da, T\u00fcrkiye genelinde y\u00fcr\u00fct\u00fclecek olan Sportif Yetenek Taramas\u0131 Program\u0131\u2019n\u0131n detaylar\u0131 masaya yat\u0131r\u0131ld\u0131. \u0130l M\u00fcd\u00fcr\u00fc Kasapo\u011flu, program\u0131n \u00e7ocuklar\u0131n sportif yeteneklerinin belirlenmesi ve do\u011fru y\u00f6nlendirilmesi a\u00e7\u0131s\u0131ndan b\u00fcy\u00fck bir \u00f6neme sahip oldu\u011funu vurgulad\u0131. Kasapo\u011flu, konu\u015fmas\u0131nda \u015fu ifadelere yer verdi:<br \/>\n<br \/>\u201cGen\u00e7lerimizin spora kazand\u0131r\u0131lmas\u0131 noktas\u0131nda Yetenek Taramas\u0131 Program\u0131 olduk\u00e7a de\u011ferli bir \u00e7al\u0131\u015fma. Milli E\u011fitim Bakanl\u0131\u011f\u0131m\u0131z ve Gen\u00e7lik ve Spor Bakanl\u0131\u011f\u0131m\u0131z\u0131n ortakla\u015fa y\u00fcr\u00fctt\u00fc\u011f\u00fc bu proje sayesinde bir\u00e7ok \u00e7ocu\u011fumuzun sportif potansiyelini ortaya \u00e7\u0131kar\u0131yoruz. \u00d6zellikle ilkokul \u00fc\u00e7\u00fcnc\u00fc s\u0131n\u0131f \u00f6\u011frencilerimize y\u00f6nelik bu tarama, erken ya\u015fta yetenek ke\u015ffi a\u00e7\u0131s\u0131ndan kritik bir rol \u00fcstleniyor.\u201d<br \/><\/p>\n","protected":false},"excerpt":{"rendered":"<p>Afyonkarahisar\u2019da \u015eubat ay\u0131nda okullarda ba\u015flayacak olan yetenek taramas\u0131 i\u00e7in toplant\u0131 d\u00fczenlendi. Afyonkarahisar Gen\u00e7lik ve Spor \u0130l M\u00fcd\u00fcr\u00fc \u0130smail Hakk\u0131 Kasapo\u011flu ba\u015fkanl\u0131\u011f\u0131nda, \u015eubat ay\u0131nda ba\u015flayacak olan T\u00fcrkiye Sportif Yetenek Taramas\u0131 ve Spora Y\u00f6nlendirme Program\u0131 \u00e7er\u00e7evesinde \u015eube M\u00fcd\u00fcr\u00fc Adil Kambero\u011flu ve antren\u00f6rlerin kat\u0131l\u0131m\u0131yla bir toplant\u0131 d\u00fczenlendi. Milli E\u011fitim Bakanl\u0131\u011f\u0131 (MEB) ile Gen\u00e7lik ve Spor Bakanl\u0131\u011f\u0131 (GSB) aras\u0131nda&#8230;<\/p>\n","protected":false},"author":1,"featured_media":11812,"comment_status":"open","ping_status":"open","sticky":false,"template":"","format":"standard","meta":{"_crdt_document":"","footnotes":""},"categories":[4],"tags":[],"class_list":["post-11811","post","type-post","status-publish","format-standard","has-post-thumbnail","hentry","category-spor"],"_links":{"self":[{"href":"https:\/\/www.egemtv.com\/index.php?rest_route=\/wp\/v2\/posts\/11811","targetHints":{"allow":["GET"]}}],"collection":[{"href":"https:\/\/www.egemtv.com\/index.php?rest_route=\/wp\/v2\/posts"}],"about":[{"href":"https:\/\/www.egemtv.com\/index.php?rest_route=\/wp\/v2\/types\/post"}],"author":[{"embeddable":true,"href":"https:\/\/www.egemtv.com\/index.php?rest_route=\/wp\/v2\/users\/1"}],"replies":[{"embeddable":true,"href":"https:\/\/www.egemtv.com\/index.php?rest_route=%2Fwp%2Fv2%2Fcomments&post=11811"}],"version-history":[{"count":1,"href":"https:\/\/www.egemtv.com\/index.php?rest_route=\/wp\/v2\/posts\/11811\/revisions"}],"predecessor-version":[{"id":11813,"href":"https:\/\/www.egemtv.com\/index.php?rest_route=\/wp\/v2\/posts\/11811\/revisions\/11813"}],"wp:featuredmedia":[{"embeddable":true,"href":"https:\/\/www.egemtv.com\/index.php?rest_route=\/wp\/v2\/media\/11812"}],"wp:attachment":[{"href":"https:\/\/www.egemtv.com\/index.php?rest_route=%2Fwp%2Fv2%2Fmedia&parent=11811"}],"wp:term":[{"taxonomy":"category","embeddable":true,"href":"https:\/\/www.egemtv.com\/index.php?rest_route=%2Fwp%2Fv2%2Fcategories&post=11811"},{"taxonomy":"post_tag","embeddable":true,"href":"https:\/\/www.egemtv.com\/index.php?rest_route=%2Fwp%2Fv2%2Ftags&post=11811"}],"curies":[{"name":"wp","href":"https:\/\/api.w.org\/{rel}","templated":true}]}}