{"id":11808,"date":"2025-01-23T15:04:25","date_gmt":"2025-01-23T12:04:25","guid":{"rendered":"https:\/\/www.egemtv.com\/?p=11808"},"modified":"2025-01-23T15:04:27","modified_gmt":"2025-01-23T12:04:27","slug":"otel-faciasinda-hayatini-kaybeden-anne-ve-kizina-aci-veda","status":"publish","type":"post","link":"https:\/\/www.egemtv.com\/?p=11808","title":{"rendered":"Otel facias\u0131nda hayat\u0131n\u0131 kaybeden anne ve k\u0131z\u0131na ac\u0131 veda"},"content":{"rendered":"<p>Bolu Kartalkaya\u2019da \u00e7\u0131kan otel yang\u0131n\u0131nda hayat\u0131n\u0131 kaybeden Dr. \u00d6\u011fretim \u00dcyesi K\u00fcbra Tongu\u00e7 Alt\u0131n ve k\u0131z\u0131 Alya Alt\u0131n, memleketleri Manisa\u2019n\u0131n Soma il\u00e7esine d\u00fczenlenen cenaze namaz\u0131n\u0131n ard\u0131ndan topra\u011fa verildi. Olaydan yaral\u0131 olarak kurtulan baba Hilmi Alt\u0131n\u2019\u0131n ayakta durmakta g\u00fc\u00e7l\u00fck \u00e7ekti\u011fi g\u00f6r\u00fcld\u00fc.<br \/>\n<br \/>Bolu\u2019daki otel yang\u0131n\u0131nda hayat\u0131n\u0131 kaybeden Somal\u0131 Tongu\u00e7 ailesinin k\u0131zlar\u0131 ve torunlar\u0131 i\u00e7in memleketleri Manisa\u2019n\u0131n Soma il\u00e7esinde cenaze t\u00f6reni d\u00fczenlendi. Yang\u0131nda hayat\u0131n\u0131 kaybeden Dr. \u00d6\u011fretim \u00dcyesi K\u00fcbra Tongu\u00e7 Alt\u0131n ve k\u0131z\u0131 4. s\u0131n\u0131f \u00f6\u011frencisi Alya Alt\u0131n cenazeleri \u00f6nce baba evine getirilerek burada helallik al\u0131nd\u0131. K\u00fcbra Tongu\u00e7 Alt\u0131n\u2019\u0131n annesi Fatma Tongu\u00e7, babas\u0131 Ergin Tongu\u00e7 ve k\u0131z karde\u015fi B\u00fc\u015fra Boztepe, kay\u0131nbabas\u0131 eski Denizli \u0130l Sosyal Hizmetler M\u00fcd\u00fcr\u00fc Ahmet Alt\u0131n g\u00fc\u00e7l\u00fckle ayakta dururken yak\u0131nlar\u0131 taraf\u0131ndan teselli edildi. Gelini ve torunu i\u00e7in helallik isteyen ve dua ettiren eski Denizli \u0130l Sosyal Hizmetler M\u00fcd\u00fcr\u00fc Ahmet Alt\u0131n ise konu\u015fmas\u0131 s\u0131ras\u0131nda g\u00f6zya\u015flar\u0131na hakim olamad\u0131.<br \/>\n<br \/>Helallik al\u0131nmas\u0131 sonras\u0131 K\u00fcbra Tongu\u00e7 Alt\u0131n ve k\u0131z\u0131 Alya Alt\u0131n\u2019\u0131n cenazeleri Soma Ulu Camii\u2019ne getirildi. Binlerce vatanda\u015f\u0131n cami avlusunu doldurdu\u011fu cenaze t\u00f6reninde e\u015fi ve k\u0131z\u0131n\u0131n tabutunun ba\u015f\u0131ndan ayr\u0131lmayan Hilmi Alt\u0131n taziyeleri kabul ederken, ayakta durmakta g\u00fc\u00e7l\u00fck \u00e7ekti\u011fi g\u00f6r\u00fcld\u00fc.<br \/>\n<br \/>Anne K\u00fcbra Tongu\u00e7 Alt\u0131n ve k\u0131z\u0131 Alya Alt\u0131n \u00f6\u011fle namaz\u0131n\u0131n ard\u0131ndan k\u0131l\u0131nan cenaze namaz\u0131 sonras\u0131 Soma \u0130l\u00e7e Belediye Mezarl\u0131\u011f\u0131na defnedildi.<br \/>\n<br \/>Cenaze t\u00f6renine Manisa Valisi Vahdettin \u00d6zkan, Manisa B\u00fcy\u00fck\u015fehir Belediye Ba\u015fkan\u0131 Ferdi Zeyrek, Manisa Celal Bayar \u00dcniversitesi Rekt\u00f6r\u00fc Prof. Dr. Rana Kibar, Soma Kaymakam\u0131 Fatih Akkaya, Soma Belediye Ba\u015fkan\u0131 Sercan Okur, siyasi parti temsilcileri, aile yak\u0131nlar\u0131 ve \u00e7ok say\u0131da vatanda\u015f kat\u0131ld\u0131.<br \/><\/p>\n","protected":false},"excerpt":{"rendered":"<p>Bolu Kartalkaya\u2019da \u00e7\u0131kan otel yang\u0131n\u0131nda hayat\u0131n\u0131 kaybeden Dr. \u00d6\u011fretim \u00dcyesi K\u00fcbra Tongu\u00e7 Alt\u0131n ve k\u0131z\u0131 Alya Alt\u0131n, memleketleri Manisa\u2019n\u0131n Soma il\u00e7esine d\u00fczenlenen cenaze namaz\u0131n\u0131n ard\u0131ndan topra\u011fa verildi. Olaydan yaral\u0131 olarak kurtulan baba Hilmi Alt\u0131n\u2019\u0131n ayakta durmakta g\u00fc\u00e7l\u00fck \u00e7ekti\u011fi g\u00f6r\u00fcld\u00fc. Bolu\u2019daki otel yang\u0131n\u0131nda hayat\u0131n\u0131 kaybeden Somal\u0131 Tongu\u00e7 ailesinin k\u0131zlar\u0131 ve torunlar\u0131 i\u00e7in memleketleri Manisa\u2019n\u0131n Soma il\u00e7esinde&#8230;<\/p>\n","protected":false},"author":1,"featured_media":11809,"comment_status":"open","ping_status":"open","sticky":false,"template":"","format":"standard","meta":{"_crdt_document":"","footnotes":""},"categories":[5],"tags":[],"class_list":["post-11808","post","type-post","status-publish","format-standard","has-post-thumbnail","hentry","category-asayis"],"_links":{"self":[{"href":"https:\/\/www.egemtv.com\/index.php?rest_route=\/wp\/v2\/posts\/11808","targetHints":{"allow":["GET"]}}],"collection":[{"href":"https:\/\/www.egemtv.com\/index.php?rest_route=\/wp\/v2\/posts"}],"about":[{"href":"https:\/\/www.egemtv.com\/index.php?rest_route=\/wp\/v2\/types\/post"}],"author":[{"embeddable":true,"href":"https:\/\/www.egemtv.com\/index.php?rest_route=\/wp\/v2\/users\/1"}],"replies":[{"embeddable":true,"href":"https:\/\/www.egemtv.com\/index.php?rest_route=%2Fwp%2Fv2%2Fcomments&post=11808"}],"version-history":[{"count":1,"href":"https:\/\/www.egemtv.com\/index.php?rest_route=\/wp\/v2\/posts\/11808\/revisions"}],"predecessor-version":[{"id":11810,"href":"https:\/\/www.egemtv.com\/index.php?rest_route=\/wp\/v2\/posts\/11808\/revisions\/11810"}],"wp:featuredmedia":[{"embeddable":true,"href":"https:\/\/www.egemtv.com\/index.php?rest_route=\/wp\/v2\/media\/11809"}],"wp:attachment":[{"href":"https:\/\/www.egemtv.com\/index.php?rest_route=%2Fwp%2Fv2%2Fmedia&parent=11808"}],"wp:term":[{"taxonomy":"category","embeddable":true,"href":"https:\/\/www.egemtv.com\/index.php?rest_route=%2Fwp%2Fv2%2Fcategories&post=11808"},{"taxonomy":"post_tag","embeddable":true,"href":"https:\/\/www.egemtv.com\/index.php?rest_route=%2Fwp%2Fv2%2Ftags&post=11808"}],"curies":[{"name":"wp","href":"https:\/\/api.w.org\/{rel}","templated":true}]}}