{"id":11805,"date":"2025-01-23T15:04:22","date_gmt":"2025-01-23T12:04:22","guid":{"rendered":"https:\/\/www.egemtv.com\/?p=11805"},"modified":"2025-01-23T15:04:24","modified_gmt":"2025-01-23T12:04:24","slug":"merkezefendi-belediyesi-buz-pateni-pisti-kurdu","status":"publish","type":"post","link":"https:\/\/www.egemtv.com\/?p=11805","title":{"rendered":"Merkezefendi Belediyesi buz pateni pisti kurdu"},"content":{"rendered":"<p>Merkezefendi Belediyesi, \u00e7ocuklar\u0131n tatil sevincini payla\u015fmak i\u00e7in Merkezefendi K\u00fclt\u00fcr Merkezi\u2019nin a\u00e7\u0131k otopark\u0131na buz pateni pisti kurdu. Hem \u00e7ocuklar\u0131 hem de ailelerini davet eden Belediye Ba\u015fkan\u0131 \u015eeniz Do\u011fan, buz pateni pistinin Mart ay\u0131na kadar a\u00e7\u0131k olaca\u011f\u0131n\u0131 belirtti.<\/p>\n<p>\u0130l\u00e7e genelindeki \u00e7al\u0131\u015fmalar\u0131n\u0131 s\u00fcrd\u00fcren Merkezefendi Belediyesi hem \u00e7ocuklara hem de yeti\u015fkinlere hitap eden etkinlikler ger\u00e7ekle\u015ftirmeye devam ediyor. Okullar\u0131n tatile girmesiyle birlikte Merkezefendi Belediyesi \u00f6\u011frenciler i\u00e7in bir s\u00fcrpriz haz\u0131rlad\u0131. Merkezefendi K\u00fclt\u00fcr Merkezi\u2019nin a\u00e7\u0131k otopark\u0131na Merkezefendi Belediyesi\u2019nce b\u00fcy\u00fck bir buz pateni pisti kuruldu. \u00c7ocuklar pistin tad\u0131n\u0131 \u00e7\u0131kar\u0131rken anne babalar\u0131n da keyiflice vakit ge\u00e7irmesi i\u00e7in pistin etraf\u0131na al\u0131\u015fveri\u015f stantlar\u0131 ve yiyecek-i\u00e7ecek kiosklar\u0131 yerle\u015ftirildi. \u0130lk ve ortaokul \u00f6\u011frencilerinin \u00fccretsiz girebilece\u011fi pist, Mart ay\u0131na kadar a\u00e7\u0131k olacak. Ayn\u0131 zamanda okul \u00f6ncesi \u00e7ocuklar\u0131n da \u00fccretsiz olarak vakit ge\u00e7irece\u011fi etkinlikler alanlar\u0131 da bulunuyor.<\/p>\n<p>\u201cHem \u00e7ocuklar hem yeti\u015fkinler keyifli vakit ge\u00e7irecek\u201d<br \/>\n<br \/>Pistin kurulumunun b\u00fcy\u00fck bir titizlikle tamamland\u0131\u011f\u0131 belirten Merkezefendi Belediye Ba\u015fkan\u0131 \u015eeniz Do\u011fan, \u201cSevgili \u00e7ocuklar, sevgili gen\u00e7ler; Merkezefendi Belediyesi olarak, sizlerin tatil sevincini payla\u015fmak i\u00e7in bir s\u00fcrprizimiz var. Sizlere keyifli ve e\u011flenceli bir aktivite haz\u0131rlad\u0131k. Merkezefendi K\u00fclt\u00fcr Merkezi\u2019mizin a\u00e7\u0131k otopark\u0131na, kocaman bir Buz Pateni Pisti kurduk. De\u011ferli anne ve babalar, \u00e7ocuklar\u0131m\u0131z e\u011flenirken, sizlerin de keyiflice vakit ge\u00e7irebilmesi i\u00e7in, Buz Pateni Pisti\u2019mizin etraf\u0131na al\u0131\u015fveri\u015f stantlar\u0131 ve yiyecek-i\u00e7ecek kiosklar\u0131 yerle\u015ftirdik. Okul \u00f6ncesi \u00e7ocuklar\u0131m\u0131z\u0131n, ilk ve ortaokul \u00f6\u011frencilerimizin \u00fccretsiz girebilece\u011fi Buz Pateni Pistimiz Mart ay\u0131na kadar a\u00e7\u0131k olacak. T\u00fcm \u00e7ocuklar\u0131m\u0131z\u0131 ve hem\u015ferilerimizi davet ediyorum\u201d diye konu\u015ftu.<br \/><\/p>\n","protected":false},"excerpt":{"rendered":"<p>Merkezefendi Belediyesi, \u00e7ocuklar\u0131n tatil sevincini payla\u015fmak i\u00e7in Merkezefendi K\u00fclt\u00fcr Merkezi\u2019nin a\u00e7\u0131k otopark\u0131na buz pateni pisti kurdu. Hem \u00e7ocuklar\u0131 hem de ailelerini davet eden Belediye Ba\u015fkan\u0131 \u015eeniz Do\u011fan, buz pateni pistinin Mart ay\u0131na kadar a\u00e7\u0131k olaca\u011f\u0131n\u0131 belirtti. \u0130l\u00e7e genelindeki \u00e7al\u0131\u015fmalar\u0131n\u0131 s\u00fcrd\u00fcren Merkezefendi Belediyesi hem \u00e7ocuklara hem de yeti\u015fkinlere hitap eden etkinlikler ger\u00e7ekle\u015ftirmeye devam ediyor. Okullar\u0131n tatile&#8230;<\/p>\n","protected":false},"author":1,"featured_media":11806,"comment_status":"open","ping_status":"open","sticky":false,"template":"","format":"standard","meta":{"_crdt_document":"","footnotes":""},"categories":[123],"tags":[],"class_list":["post-11805","post","type-post","status-publish","format-standard","has-post-thumbnail","hentry","category-gundem"],"_links":{"self":[{"href":"https:\/\/www.egemtv.com\/index.php?rest_route=\/wp\/v2\/posts\/11805","targetHints":{"allow":["GET"]}}],"collection":[{"href":"https:\/\/www.egemtv.com\/index.php?rest_route=\/wp\/v2\/posts"}],"about":[{"href":"https:\/\/www.egemtv.com\/index.php?rest_route=\/wp\/v2\/types\/post"}],"author":[{"embeddable":true,"href":"https:\/\/www.egemtv.com\/index.php?rest_route=\/wp\/v2\/users\/1"}],"replies":[{"embeddable":true,"href":"https:\/\/www.egemtv.com\/index.php?rest_route=%2Fwp%2Fv2%2Fcomments&post=11805"}],"version-history":[{"count":1,"href":"https:\/\/www.egemtv.com\/index.php?rest_route=\/wp\/v2\/posts\/11805\/revisions"}],"predecessor-version":[{"id":11807,"href":"https:\/\/www.egemtv.com\/index.php?rest_route=\/wp\/v2\/posts\/11805\/revisions\/11807"}],"wp:featuredmedia":[{"embeddable":true,"href":"https:\/\/www.egemtv.com\/index.php?rest_route=\/wp\/v2\/media\/11806"}],"wp:attachment":[{"href":"https:\/\/www.egemtv.com\/index.php?rest_route=%2Fwp%2Fv2%2Fmedia&parent=11805"}],"wp:term":[{"taxonomy":"category","embeddable":true,"href":"https:\/\/www.egemtv.com\/index.php?rest_route=%2Fwp%2Fv2%2Fcategories&post=11805"},{"taxonomy":"post_tag","embeddable":true,"href":"https:\/\/www.egemtv.com\/index.php?rest_route=%2Fwp%2Fv2%2Ftags&post=11805"}],"curies":[{"name":"wp","href":"https:\/\/api.w.org\/{rel}","templated":true}]}}