{"id":11802,"date":"2025-01-23T15:01:14","date_gmt":"2025-01-23T12:01:14","guid":{"rendered":"https:\/\/www.egemtv.com\/?p=11802"},"modified":"2025-01-23T15:01:16","modified_gmt":"2025-01-23T12:01:16","slug":"efelerde-ogrenciler-futbol-turnuvasinda-bulusacak","status":"publish","type":"post","link":"https:\/\/www.egemtv.com\/?p=11802","title":{"rendered":"Efeler\u2019de \u00f6\u011frenciler futbol turnuvas\u0131nda bulu\u015facak"},"content":{"rendered":"<p>Ayd\u0131n\u2019\u0131n Efeler il\u00e7esindeki \u00f6\u011frenciler Efeler Belediyesi \u00f6nc\u00fcl\u00fc\u011f\u00fcnde ger\u00e7ekle\u015ftirilecek olan S\u00f6mestr Futbol Turnavas\u0131\u2019nda bir araya gelecek.<br \/>\n<br \/>Ayd\u0131n\u2019da 2024-2025 e\u011fitim \u00f6\u011fretim y\u0131l\u0131n\u0131n ilk d\u00f6neminin sona ermesi ile birlikte il genelinde 189 bin 372 \u00f6\u011frenci s\u00f6mestr tatiline girerken, merkez il\u00e7e Efeler\u2019deki \u00f6\u011frenciler Efeler Belediyesi \u00f6nc\u00fcl\u00fc\u011f\u00fcnde ger\u00e7ekle\u015ftirilecek olan 2025 S\u00f6mestr Futbol Turnuvas\u0131\u2019nda bir araya gelecek. 27-31 Ocak tarihleri aras\u0131nda d\u00fczenlenecek olan turnuva i\u00e7in kay\u0131tlar ba\u015flarken, Efeler Belediye Ba\u015fkan\u0131 An\u0131l Yeti\u015fkin, t\u00fcm \u00f6\u011frencileri turnuvaya davet etti. Turnuvaya kat\u0131lmak isteyen \u00f6\u011frenciler Efeler Mahallesi\u2019nde bulunan Mehmet Anbarl\u0131 Spor Tesisleri\u2019ne gelerek kay\u0131tlar\u0131n\u0131 yapt\u0131rabilecek. D\u00fczenlenecek turnuva takvimine g\u00f6re 9 ya\u015f grubu \u00f6\u011frenciler 27 Ocak Pazartesi g\u00fcn\u00fc, 10 ya\u015f grubu \u00f6\u011frenciler 28 Ocak Sal\u0131 g\u00fcn\u00fc, 11 ya\u015f grubu \u00f6\u011frenciler ise 29 Ocak \u00c7ar\u015famba g\u00fcn\u00fc sahaya \u00e7\u0131kacak. Kat\u0131l\u0131m say\u0131s\u0131na g\u00f6re puanlama ile eleme usul\u00fcne dayal\u0131 heyecan dolu bir turnuva ger\u00e7ekle\u015ftirilecek.<br \/>\n<br \/>Efeler Belediyesi\u2019nden yap\u0131lan payla\u015f\u0131mda &#8220;2025 S\u00f6mestr Futbol Turnuvas\u0131 ba\u015fl\u0131yor. Kat\u0131l\u0131m say\u0131s\u0131na g\u00f6re puanlama ile eleme usul\u00fcne dayal\u0131 heyecan dolu bir turnuva sizi bekliyor&#8221; ifadeleri yer ald\u0131.<br \/><\/p>\n","protected":false},"excerpt":{"rendered":"<p>Ayd\u0131n\u2019\u0131n Efeler il\u00e7esindeki \u00f6\u011frenciler Efeler Belediyesi \u00f6nc\u00fcl\u00fc\u011f\u00fcnde ger\u00e7ekle\u015ftirilecek olan S\u00f6mestr Futbol Turnavas\u0131\u2019nda bir araya gelecek. Ayd\u0131n\u2019da 2024-2025 e\u011fitim \u00f6\u011fretim y\u0131l\u0131n\u0131n ilk d\u00f6neminin sona ermesi ile birlikte il genelinde 189 bin 372 \u00f6\u011frenci s\u00f6mestr tatiline girerken, merkez il\u00e7e Efeler\u2019deki \u00f6\u011frenciler Efeler Belediyesi \u00f6nc\u00fcl\u00fc\u011f\u00fcnde ger\u00e7ekle\u015ftirilecek olan 2025 S\u00f6mestr Futbol Turnuvas\u0131\u2019nda bir araya gelecek. 27-31 Ocak tarihleri aras\u0131nda&#8230;<\/p>\n","protected":false},"author":1,"featured_media":11803,"comment_status":"open","ping_status":"open","sticky":false,"template":"","format":"standard","meta":{"_crdt_document":"","footnotes":""},"categories":[4],"tags":[],"class_list":["post-11802","post","type-post","status-publish","format-standard","has-post-thumbnail","hentry","category-spor"],"_links":{"self":[{"href":"https:\/\/www.egemtv.com\/index.php?rest_route=\/wp\/v2\/posts\/11802","targetHints":{"allow":["GET"]}}],"collection":[{"href":"https:\/\/www.egemtv.com\/index.php?rest_route=\/wp\/v2\/posts"}],"about":[{"href":"https:\/\/www.egemtv.com\/index.php?rest_route=\/wp\/v2\/types\/post"}],"author":[{"embeddable":true,"href":"https:\/\/www.egemtv.com\/index.php?rest_route=\/wp\/v2\/users\/1"}],"replies":[{"embeddable":true,"href":"https:\/\/www.egemtv.com\/index.php?rest_route=%2Fwp%2Fv2%2Fcomments&post=11802"}],"version-history":[{"count":1,"href":"https:\/\/www.egemtv.com\/index.php?rest_route=\/wp\/v2\/posts\/11802\/revisions"}],"predecessor-version":[{"id":11804,"href":"https:\/\/www.egemtv.com\/index.php?rest_route=\/wp\/v2\/posts\/11802\/revisions\/11804"}],"wp:featuredmedia":[{"embeddable":true,"href":"https:\/\/www.egemtv.com\/index.php?rest_route=\/wp\/v2\/media\/11803"}],"wp:attachment":[{"href":"https:\/\/www.egemtv.com\/index.php?rest_route=%2Fwp%2Fv2%2Fmedia&parent=11802"}],"wp:term":[{"taxonomy":"category","embeddable":true,"href":"https:\/\/www.egemtv.com\/index.php?rest_route=%2Fwp%2Fv2%2Fcategories&post=11802"},{"taxonomy":"post_tag","embeddable":true,"href":"https:\/\/www.egemtv.com\/index.php?rest_route=%2Fwp%2Fv2%2Ftags&post=11802"}],"curies":[{"name":"wp","href":"https:\/\/api.w.org\/{rel}","templated":true}]}}