{"id":11799,"date":"2025-01-23T14:55:43","date_gmt":"2025-01-23T11:55:43","guid":{"rendered":"https:\/\/www.egemtv.com\/?p=11799"},"modified":"2025-01-23T14:55:45","modified_gmt":"2025-01-23T11:55:45","slug":"muglada-gumruk-kacagi-kozmetik-operasyonu","status":"publish","type":"post","link":"https:\/\/www.egemtv.com\/?p=11799","title":{"rendered":"Mu\u011fla\u2019da g\u00fcmr\u00fck ka\u00e7a\u011f\u0131 kozmetik operasyonu"},"content":{"rendered":"<p>Mu\u011fla\u2019n\u0131n Mente\u015fe il\u00e7esi Yerkesik Mahallesi\u2019nde, ka\u00e7ak\u00e7\u0131l\u0131kla m\u00fccadele kapsam\u0131nda ger\u00e7ekle\u015ftirilen operasyonda g\u00fcmr\u00fck ka\u00e7a\u011f\u0131 kozmetik \u00fcr\u00fcnler ele ge\u00e7irildi.<\/p>\n<p>KOM \u015eube M\u00fcd\u00fcrl\u00fc\u011f\u00fc ile Mente\u015fe \u0130l\u00e7e Jandarma Komutanl\u0131\u011f\u0131 ekipleri, E.Y. isimli \u015fahs\u0131n ikametgah\u0131nda yapt\u0131klar\u0131 aramada piyasa de\u011feri 1 milyon 298 bin TL olan 432 adet \u00e7e\u015fitli markalara ait g\u00fcmr\u00fck ka\u00e7a\u011f\u0131 kozmetik \u00fcr\u00fcn (parf\u00fcm) ele ge\u00e7irdi.<\/p>\n<p>Ele ge\u00e7irilen \u00fcr\u00fcnlere el konulurken, olayla ilgili Mu\u011fla Cumhuriyet Ba\u015fsavc\u0131l\u0131\u011f\u0131 taraf\u0131ndan adli i\u015flem ba\u015flat\u0131ld\u0131. Yetkililer, ka\u00e7ak\u00e7\u0131l\u0131kla m\u00fccadelenin kararl\u0131l\u0131kla s\u00fcrd\u00fcr\u00fclece\u011fini belirtti.<br \/><\/p>\n","protected":false},"excerpt":{"rendered":"<p>Mu\u011fla\u2019n\u0131n Mente\u015fe il\u00e7esi Yerkesik Mahallesi\u2019nde, ka\u00e7ak\u00e7\u0131l\u0131kla m\u00fccadele kapsam\u0131nda ger\u00e7ekle\u015ftirilen operasyonda g\u00fcmr\u00fck ka\u00e7a\u011f\u0131 kozmetik \u00fcr\u00fcnler ele ge\u00e7irildi. KOM \u015eube M\u00fcd\u00fcrl\u00fc\u011f\u00fc ile Mente\u015fe \u0130l\u00e7e Jandarma Komutanl\u0131\u011f\u0131 ekipleri, E.Y. isimli \u015fahs\u0131n ikametgah\u0131nda yapt\u0131klar\u0131 aramada piyasa de\u011feri 1 milyon 298 bin TL olan 432 adet \u00e7e\u015fitli markalara ait g\u00fcmr\u00fck ka\u00e7a\u011f\u0131 kozmetik \u00fcr\u00fcn (parf\u00fcm) ele ge\u00e7irdi. Ele ge\u00e7irilen \u00fcr\u00fcnlere el&#8230;<\/p>\n","protected":false},"author":1,"featured_media":11800,"comment_status":"open","ping_status":"open","sticky":false,"template":"","format":"standard","meta":{"_crdt_document":"","footnotes":""},"categories":[5],"tags":[],"class_list":["post-11799","post","type-post","status-publish","format-standard","has-post-thumbnail","hentry","category-asayis"],"_links":{"self":[{"href":"https:\/\/www.egemtv.com\/index.php?rest_route=\/wp\/v2\/posts\/11799","targetHints":{"allow":["GET"]}}],"collection":[{"href":"https:\/\/www.egemtv.com\/index.php?rest_route=\/wp\/v2\/posts"}],"about":[{"href":"https:\/\/www.egemtv.com\/index.php?rest_route=\/wp\/v2\/types\/post"}],"author":[{"embeddable":true,"href":"https:\/\/www.egemtv.com\/index.php?rest_route=\/wp\/v2\/users\/1"}],"replies":[{"embeddable":true,"href":"https:\/\/www.egemtv.com\/index.php?rest_route=%2Fwp%2Fv2%2Fcomments&post=11799"}],"version-history":[{"count":1,"href":"https:\/\/www.egemtv.com\/index.php?rest_route=\/wp\/v2\/posts\/11799\/revisions"}],"predecessor-version":[{"id":11801,"href":"https:\/\/www.egemtv.com\/index.php?rest_route=\/wp\/v2\/posts\/11799\/revisions\/11801"}],"wp:featuredmedia":[{"embeddable":true,"href":"https:\/\/www.egemtv.com\/index.php?rest_route=\/wp\/v2\/media\/11800"}],"wp:attachment":[{"href":"https:\/\/www.egemtv.com\/index.php?rest_route=%2Fwp%2Fv2%2Fmedia&parent=11799"}],"wp:term":[{"taxonomy":"category","embeddable":true,"href":"https:\/\/www.egemtv.com\/index.php?rest_route=%2Fwp%2Fv2%2Fcategories&post=11799"},{"taxonomy":"post_tag","embeddable":true,"href":"https:\/\/www.egemtv.com\/index.php?rest_route=%2Fwp%2Fv2%2Ftags&post=11799"}],"curies":[{"name":"wp","href":"https:\/\/api.w.org\/{rel}","templated":true}]}}